{"id":440,"date":"2000-08-30T15:34:42","date_gmt":"2000-08-30T13:34:42","guid":{"rendered":"http:\/\/pergamena.hr\/proba\/?p=440"},"modified":"2023-01-29T21:16:03","modified_gmt":"2023-01-29T20:16:03","slug":"hrvatski-razgovori-o-slobodi","status":"publish","type":"post","link":"https:\/\/pergamena.hr\/?p=440","title":{"rendered":"Hrvatski razgovori o slobodi"},"content":{"rendered":"<div style=\"float:right;padding: 0 0 10px 10px\" class=\"interactive_right\"><div class='button_holder_right'><iframe src=\"http:\/\/www.facebook.com\/plugins\/like.php?href=https%3A%2F%2Fpergamena.hr%2F%3Fp%3D440&amp;layout=standard&amp;show_faces=false&amp;width=75&amp;action=recommend&amp;font=arial&amp;colorscheme=dark&amp;height=31\" scrolling=\"no\" frameborder=\"0\" style=\"border:none; overflow:hidden; width:75px; height:31px;\" allowTransparency=\"true\"><\/iframe><\/div><\/div><p><a href=\"http:\/\/pergamena.hr\/proba\/wp-content\/uploads\/2000\/08\/Hrvatski-razgovori-o-slobodi-naslovna1.jpg\"><img decoding=\"async\" loading=\"lazy\" class=\"alignleft size-full wp-image-957\" title=\"Hrvatski-razgovori-o-slobodi-naslovna\" src=\"http:\/\/pergamena.hr\/proba\/wp-content\/uploads\/2000\/08\/Hrvatski-razgovori-o-slobodi-naslovna1.jpg\" alt=\"\" width=\"183\" height=\"270\" \/><\/a><\/p>\n<p>\u2022 \u00a0Grupa autora<br \/>\n\u2022 \u00a0Godina izdanja:\u00a0<strong>2000.\u00a0 <\/strong><br \/>\n\u2022 \u00a0Uvez:<strong>\u00a0meki<\/strong><br \/>\n\u2022 \u00a0Dimenzije: <strong>22.5 x 15 cm<\/strong><br \/>\n\u2022 \u00a0Broj stranica:<strong> 464<\/strong><br \/>\n\u2022 \u00a0Cijena:<strong> \u20ac21,20<\/strong> \/ 160,00 kn<\/p>\n<p><strong><strong> <strong>\u2022\u00a0\u00a0<a title=\"NARUD\u017dBA\" href=\"http:\/\/pergamena.hr\/?page_id=1138\">NARU\u010cI<\/a><strong> <strong>\u00a0\u2022<\/strong><\/strong><\/strong> \u00a0<\/strong><\/strong><\/p>\n<blockquote>\n<p style=\"text-align: justify;\">UREDNI\u0160TVO &#8220;Hrvatske revije&#8221; priredilo je u Luzernu, \u0160vicarska, u Hotelu Kolping (Friedenstrasse 8), svoj drugi simpozij, od 5. do 9. srpnja 1971., na koji je pozvalo istaknute hrvatske javne radnike, uglavnom svoje redovite suradnike i bli\u017ee prijatelje, i ova je knjiga plod tog simpozija.<br \/>\nPrvi simpozij HR odr\u017ean je od 29. kolovoza do 1. rujna 1968., &#8220;negdje u Europi&#8221;, onda samo u u\u017eem krugu samih predava\u010da, od kojih su dvojica bila iz domovine. Uspjeh onog prvog simpozija vidljiv je u posebnoj knjizi, koja je u lipnju 1969. bila objavljena pod naslovom &#8220;Hrvatska danas i sutra&#8221; (Muenchen, 1969. izd. Knji\u017enice HR), sa svim predavanjima sa simpozija. Hrvatska je javnost za ovu knjigu pokazala vrlo veliko zanimanje, dapa\u010de i ona u Hrvatskoj, u koju je uneseno vrlo mnogo primjeraka i gdje je i danas vrlo tra\u017eena (potra\u017enja je velika i sa strane Udbe). Posebno je va\u017eno naglasiti, da su mnoge ideje iz iste knjige pale na plodno tlo, u domovini posebno, i ve\u0107 donijele svoje lijepe plodove, o \u010demu \u0107e se u budu\u0107e vrijeme mo\u0107i vi\u0161e re\u0107i.<br \/>\nOvaj drugi simpozij HR, pod naslovom &#8220;Hrvatski razgovori o Slobodi&#8221;, sazvan je povodom 20-godi\u0161njeg jubileja HR. Na njemu su se sastali u \u0160vicarskoj hrvatski javni radnici, uz dozvolu odgovornih oblasti, i, za razliku od prvoga, uz ograni\u010deni broj slu\u0161atelja. To je bio pravi radni sastanak poznatih hrvatskih javnih radnika, na kojem se u najozbiljnijoj formi, od jutra do no\u0107i, raspravljalo o \u017eivotnim problemima suvremene Hrvatske. Tridesetak predava\u010da slu\u0161alo je pozorno nekoliko desetaka slu\u0161atelja, koji su redovito sudjelovali u vrlo \u017eivim i plodnim diskusijama. Predavanjima su bile obuhva\u0107ene teme od op\u0107eg interesa, od politike i ekonomije do kulture, iz knji\u017eevnosti i gospodarstva; govorilo se mnogo o vjeri, ne mo\u017eda vjeri u pro\u0161losti, nego o suvremenoj Crkvi, odnosno Crkvama u Hrvatskoj, te o crkvenoj politici; o povijesti, o socijalnim i svim drugim javnim problemima, koji zanimaju modernog \u010dovjeka, posebno Hrvata. Mnogo se raspravljalo i o te\u0161kom problemu iseljavanja Hrvata te o Srbima i pravoslavcima u Hrvatskoj (mada, na\u017ealost, nije o tim va\u017enim temama bilo posebnih predavanja). Razmatrali su se i tra\u017eili prikladni odgovori u ovom sudbonosnom \u010dasu za na\u0161u domovinu, koja je nasmrt ugro\u017eena.<br \/>\nPosebno isti\u010demo i pozdravljamo prisutnost nekolicine predava\u010da iz domovine. Neki su nam od njih poslali svoja predavanja, a neki su \u010dak smjelo osobno sudjelovali, kao predava\u010di i diskutanti, da nam svojom \u017eivom rije\u010dju prenesu vjernu sliku domovine; da nam prika\u017eu njezine patnje, i njezinu borbu, njezine ideale, stremljenja i nade, velike nade, pa smo tako tih dana, zahvaljuju\u0107i ovoj prisnosti razgovora o\u010di u o\u010di, stajali kao jedno srce ujedinjeni oko domovine Hrvatske. Nije to bila nikakva urota, nego otvoren razgovor miroljubivih ljudi, odanih svojoj zemlji, zabrinutih za budu\u0107nost hrvatskog naroda. Mi \u017eelimo (tra\u017eimo) sre\u0107u Hrvatske, nu ne \u017eelimo je graditi ni na \u010dijoj nesre\u0107i. \u017delimo tako\u0111er naglasiti onu demokratsku atmosferu raspravljanja, onaj slobodarski duh, gdje se o posve razli\u010ditim problemima, nekad s posve opre\u010dnih stanovi\u0161ta, polaze\u0107i s protivnih polo\u017eaja, o svemu razgovaralo mirno, bratski, bez povi\u0161ena glasa ili nekog omalova\u017eavanja, u zajedni\u010dkom nastojanju, da u svakom va\u017enom problemu \u0161to vi\u0161e pribli\u017eimo svoja gledi\u0161ta, da poku\u0161amo na\u0107i najbolja rje\u0161enja.<br \/>\nDuh tog simpozija od posebnog je zna\u010denja, da se me\u0111usobno naviknemo po\u0161tivati kao ljudi, saslu\u0161ati tu\u0111u rije\u010d dokraja; po\u0161tivati se i onda, kada druk\u010dije, mo\u017eda posve opre\u010dno, gledamo, kada razli\u010dito mislimo, kad protivno govorimo, uvijek u uzajamnom po\u0161tivanju tu\u0111eg mi\u0161ljenja, uvijek u ljubavi za sugovornika, uvijek osjetljivi i za tu\u0111e dostojanstvo. Mnogi su Hrvati trebali vidjeti, kako su razgovarali hrvatski intelektualci na svomu simpoziju 1971. Sve ostalo neka govori sama knjiga: ona je kao iskaznica pred javno\u0161\u0107u najva\u017enija za svaki simpozij, pa i za ovaj na\u0161, jer je samo mali broj nas slu\u0161alo predavanja, knjiga je za \u010ditavu javnost, pristupa\u010dna svakome. Ova \u0107e knjiga, sigurni smo, pokazati, da hrvatska inteligencija duboko do\u017eivljava kriti\u010dnu sada\u0161njicu Hrvatske.<br \/>\nRe\u0107i \u0107emo jo\u0161 dvije tri rije\u010di o tehni\u010dkoj strani ove knjige. Ovo su predavanja sa Simpozija. Svi su predava\u010di nakon Simpozija mogli zadr\u017eati svoj rukopis, ako su \u017eeljeli u njemu ne\u0161to izmijeniti, mo\u017eda ga pro\u0161iriti u vezi same diskusije. Nu, sva su predavanja u svom kona\u010dnom obliku bila u na\u0161em uredni\u0161tvu prije 30. rujna 1971. Ve\u0107ina predava\u010da su ostali pri svom prvotnom tekstu, neki su izvr\u0161ili neke manje izmjene (dopune). Posebno nagla\u0161ujemo: ni u jednom predavanju nisu izvr\u0161ene nikakve bitne izmjene. Uz predavanja donosimo ne\u0161to iz diskusija. Na temelju magnetofonskih snimanja dra T. Rade i bilje\u0161ki V. Grubi\u0161i\u0107a, obradio ih je V. Nikoli\u0107. Nisu cjeline, negdje su samo mrvice, negdje samo nepotpuno naba\u010dene misli. Nisu zastupljeni svi, koji su imali udjela u diskusijama, jer jo\u0161 uvijek nismo bili uspjeli svladati sve tehni\u010dke pote\u0161ko\u0107e, pa neka izlaganja nisu zabilje\u017eena (snimljena). Tako je \u010dak ostao nezabilje\u017een, a i nesnimljen, prikaz o polo\u017eaju \u017eene u Hrvatskoj. Ovakav se sustav rada u nas mo\u017eda po prvi put iskori\u0161\u0107uje, pa smo jo\u0161 nevje\u0161ti. Ovaj dodatak &#8220;iz diskusija&#8221; upotpunjuje pojedino predavanje, a, dabome, i samu sliku suvremene Hrvatske, \u0161to nam je bila glavna svrha.<br \/>\nUrednik je redakciju rukopisa zavr\u0161io 15. studenoga i odmah ga predao tiskari na slaganje. Sadr\u017eaj \u010ditave knjige, u predavanjima i diskusiji, ostaje, dakle, nepromijenjen: Hrvatska se u njemu ogleda onakva, kakvu smo je mi vidjeli u srpnju 1971. Ovo je, dosljedno, i dokument i svjedo\u010danstvo. Me\u0111utim, s obzirom na tragi\u010dne prosina\u010dke doga\u0111aje u Hrvatskoj (1971.), u zadnji su \u010das iz knjige ispu\u0161tena neka (neka!) predavanja, kao \u0161to su izostavljene i neke (neke!) intervencije iz diskusija domovinskih predava\u010da, da tako velikosrpskoj Udbi i dr\u017eavnim tu\u017eiocima ne pru\u017eimo gradivo za optu\u017enice u provo\u0111enju poznate jugokomunisti\u010dke &#8220;pravde&#8221;. Radi istog smo razloga morali probrati i fotografije, pa ove objavljene u na\u0161oj knjizi ne daju nam vjernu ni potpunu sliku Simpozija. Uredni\u0161tvo &#8220;Knji\u017enice Hrvatske revije&#8221; namjenjuje ovu svoju novu knjigu \u010ditavoj hrvatskoj javnosti, domovinskoj i emigrantskoj: emigrantskoj, da joj \u0161to vi\u0161e pribli\u017ei suvremena zbivanja u Hrvatskoj, a onoj u domovini da se upozna s pogledima ve\u0107e skupine nezavisnih hrvatskih javnih radnika na predprosina\u010dko stanje u Hrvatskoj, kako bismo uskla\u0111enim naporima, radom i borbom, u istinskoj ljubavi prema domovini i njezinom napa\u0107enom \u010dovjeku, \u0161to prije dostigli cilj svih Hrvata: samostalnu demokratsku dr\u017eavu Hrvatsku, ideal dostojan najve\u0107ih \u017ertava. <strong>(Iz napomene urednika)<\/strong><em><br \/>\n<\/em><\/p>\n<\/blockquote>\n<div class='shareinpost'><ul class=\"socialwrap row\"><li class=\"iconOnly share\">Preporu\u010di putem :<\/li><li class=\"iconOnly\"><a  rel='nofollow'  target='_blank'  title='Preporu\u010di knjigu : Hrvatski razgovori o slobodi na Facebooku'  href='http:\/\/www.facebook.com\/sharer.php?u=https%3A%2F%2Fpergamena.hr%2F%3Fp%3D440&amp;t=Hrvatski+razgovori+o+slobodi'  ><img  src='http:\/\/pergamena.hr\/proba\/wp-content\/plugins\/share-and-follow\/images\/blank.gif'  height='16' width='16'  class='image-16' alt='facebook'  style='background: transparent url(http:\/\/pergamena.hr\/proba\/wp-content\/plugins\/share-and-follow\/default\/16\/sprite-feb-16.png) no-repeat;padding:0;margin:0;height:16px;width:16px;background-position:-204px 0px'   \/> <span class=\"head\">Preporu\u010di knjigu<\/span><\/a><\/li><li class=\"iconOnly\"><a  rel='nofollow'  target='_blank'  title='Dijeli : Hrvatski razgovori o slobodi na google plus'  href='https:\/\/plusone.google.com\/_\/+1\/confirm?hl=en&amp;url=https%3A%2F%2Fpergamena.hr%2F%3Fp%3D440&amp;title=Hrvatski+razgovori+o+slobodi'  ><img  src='http:\/\/pergamena.hr\/proba\/wp-content\/plugins\/share-and-follow\/images\/blank.gif'  height='16' width='16'  class='image-16' alt='gplus'  style='background: transparent url(http:\/\/pergamena.hr\/proba\/wp-content\/plugins\/share-and-follow\/default\/16\/sprite-feb-16.png) no-repeat;padding:0;margin:0;height:16px;width:16px;background-position:-425px 0px'   \/> <span class=\"head\">Dijeli na google plus<\/span><\/a><\/li><li class=\"iconOnly\"><a  rel='nofollow'  target='_blank'  title='Dijeli : Hrvatski razgovori o slobodi na Linkedinu'  href='http:\/\/www.linkedin.com\/shareArticle?mini=true&amp;url=https%3A%2F%2Fpergamena.hr%2F%3Fp%3D440&amp;title=Hrvatski+razgovori+o+slobodi&amp;summary=%0A%0A%E2%80%A2+%C2%A0Grupa+autora%0A%E2%80%A2+%C2%A0Godina+izdanja%3A%C2%A02000.%C2%A0+%0A%E2%80%A2+%C2%A0Uvez%3A%C2%A0meki%0A%E2%80%A2+%C2%A0Dimenzije%3A+22.5+x+15+cm%0A%E2%80%A2+%C2%A0Broj+stranica%3A+464%0A%E2%80%A2+%C2%A0Cijena%3A+%E2%82%AC21%2C20+%2F+160%2C00+kn%0A%0A+%E2%80%A2%C2%A0%C2%A0NARU%C4%8CI+%C2%A0%E2%80%A2+%C2%A0%0A%0AUREDNI%C5%A0TVO+%22Hrvatske+revije%22+priredilo+je+u+Luzernu%2C+%C5%A0vicarska%2C+u+Hotelu+Kolping+%28Friedenstrasse+8%29%2C+svoj+drugi+simpozij%2C+od+5.+do'  ><img  src='http:\/\/pergamena.hr\/proba\/wp-content\/plugins\/share-and-follow\/images\/blank.gif'  height='16' width='16'  class='image-16' alt='linkedin'  style='background: transparent url(http:\/\/pergamena.hr\/proba\/wp-content\/plugins\/share-and-follow\/default\/16\/sprite-feb-16.png) no-repeat;padding:0;margin:0;height:16px;width:16px;background-position:-578px 0px'   \/> <span class=\"head\">Dijelite putem linkedina<\/span><\/a><\/li><li class=\"iconOnly\"><a  rel='nofollow'  target='_blank'  title='Tweetaj o ovoj knjizi : Hrvatski razgovori o slobodi na Twitteru'  href=\"http:\/\/twitter.com\/share?url=https%3A%2F%2Fpergamena.hr%2F%3Fp%3D440&amp;text=Hrvatski+razgovori+o+slobodi+-+\"  ><img  src='http:\/\/pergamena.hr\/proba\/wp-content\/plugins\/share-and-follow\/images\/blank.gif'  height='16' width='16'  class='image-16' alt='twitter'  style='background: transparent url(http:\/\/pergamena.hr\/proba\/wp-content\/plugins\/share-and-follow\/default\/16\/sprite-feb-16.png) no-repeat;padding:0;margin:0;height:16px;width:16px;background-position:-1105px 0px'   \/> <span class=\"head\">Tweetajte o ovoj knjizi<\/span><\/a><\/li><li class=\"iconOnly\"><a  rel='nofollow'  target='_self'  title='Ispi\u0161i stranicu : Hrvatski razgovori o slobodi za kasnije \u010ditanje'  href='javascript:window.print();'  ><img  src='http:\/\/pergamena.hr\/proba\/wp-content\/plugins\/share-and-follow\/images\/blank.gif'  height='16' width='16'  class='image-16' alt='print'  style='background: transparent url(http:\/\/pergamena.hr\/proba\/wp-content\/plugins\/share-and-follow\/default\/16\/sprite-feb-16.png) no-repeat;padding:0;margin:0;height:16px;width:16px;background-position:-884px 0px'   \/> <span class=\"head\">Ispi\u0161ite stranicu<\/span><\/a><\/li><li class=\"iconOnly\"><a rel=\"_self\" href=\"mailto:?subject=pergamena.hr%20\u2502%20Izdava\u010dka%20ku\u0107a%20iz%20Zagreba%20:%20Hrvatski%20razgovori%20o%20slobodi&amp;body=\u0160aljem%20Vam%20poveznicu%20preko%20internet%20stranice%20pergamena.hr%20na%20knjigu%20:%20%20%20https:\/\/pergamena.hr\/?p=440\" title=\"Preporu\u010di knjigu prijateljima : Hrvatski razgovori o slobodi e-mailom\"><img src=\"http:\/\/pergamena.hr\/proba\/wp-content\/plugins\/share-and-follow\/images\/blank.gif\" height=\"16\"  width=\"16\" style=\"background: transparent url(http:\/\/pergamena.hr\/proba\/wp-content\/plugins\/share-and-follow\/default\/16\/sprite-feb-16.png) no-repeat;padding:0;margin:0;height:16px;width:16px;background-position:-187px 0px\" class=\"image-16\"  alt=\"email\" \/> <span class=\"head\">Preporu\u010dite knjigu prijateljima<\/span><\/a><\/li><\/ul><div class=\"clean\"><\/div> <\/div>","protected":false},"excerpt":{"rendered":"<p>\u2022 \u00a0Grupa autora \u2022 \u00a0Godina izdanja:\u00a02000.\u00a0 \u2022 \u00a0Uvez:\u00a0meki \u2022 \u00a0Dimenzije: 22.5 x 15 cm \u2022 \u00a0Broj stranica: 464 \u2022 \u00a0Cijena: \u20ac21,20 \/ 160,00 kn \u2022\u00a0\u00a0NARU\u010cI \u00a0\u2022 \u00a0 UREDNI\u0160TVO &#8220;Hrvatske revije&#8221; [&hellip;]<\/p>\n","protected":false},"author":2,"featured_media":957,"comment_status":"closed","ping_status":"open","sticky":false,"template":"","format":"standard","meta":[],"categories":[7],"tags":[],"_links":{"self":[{"href":"https:\/\/pergamena.hr\/index.php?rest_route=\/wp\/v2\/posts\/440"}],"collection":[{"href":"https:\/\/pergamena.hr\/index.php?rest_route=\/wp\/v2\/posts"}],"about":[{"href":"https:\/\/pergamena.hr\/index.php?rest_route=\/wp\/v2\/types\/post"}],"author":[{"embeddable":true,"href":"https:\/\/pergamena.hr\/index.php?rest_route=\/wp\/v2\/users\/2"}],"replies":[{"embeddable":true,"href":"https:\/\/pergamena.hr\/index.php?rest_route=%2Fwp%2Fv2%2Fcomments&post=440"}],"version-history":[{"count":30,"href":"https:\/\/pergamena.hr\/index.php?rest_route=\/wp\/v2\/posts\/440\/revisions"}],"predecessor-version":[{"id":2834,"href":"https:\/\/pergamena.hr\/index.php?rest_route=\/wp\/v2\/posts\/440\/revisions\/2834"}],"wp:featuredmedia":[{"embeddable":true,"href":"https:\/\/pergamena.hr\/index.php?rest_route=\/wp\/v2\/media\/957"}],"wp:attachment":[{"href":"https:\/\/pergamena.hr\/index.php?rest_route=%2Fwp%2Fv2%2Fmedia&parent=440"}],"wp:term":[{"taxonomy":"category","embeddable":true,"href":"https:\/\/pergamena.hr\/index.php?rest_route=%2Fwp%2Fv2%2Fcategories&post=440"},{"taxonomy":"post_tag","embeddable":true,"href":"https:\/\/pergamena.hr\/index.php?rest_route=%2Fwp%2Fv2%2Ftags&post=440"}],"curies":[{"name":"wp","href":"https:\/\/api.w.org\/{rel}","templated":true}]}}