{"id":385,"date":"2008-08-29T18:28:25","date_gmt":"2008-08-29T17:28:25","guid":{"rendered":"http:\/\/pergamena.hr\/proba\/?p=385"},"modified":"2024-02-01T23:01:19","modified_gmt":"2024-02-01T22:01:19","slug":"sintaksa-i-semantika","status":"publish","type":"post","link":"https:\/\/pergamena.hr\/?p=385","title":{"rendered":"Sintaksa i semantika"},"content":{"rendered":"<div style=\"float:right;padding: 0 0 10px 10px\" class=\"interactive_right\"><div class='button_holder_right'><iframe src=\"http:\/\/www.facebook.com\/plugins\/like.php?href=https%3A%2F%2Fpergamena.hr%2F%3Fp%3D385&amp;layout=standard&amp;show_faces=false&amp;width=75&amp;action=recommend&amp;font=arial&amp;colorscheme=dark&amp;height=31\" scrolling=\"no\" frameborder=\"0\" style=\"border:none; overflow:hidden; width:75px; height:31px;\" allowTransparency=\"true\"><\/iframe><\/div><\/div><p><a href=\"http:\/\/pergamena.hr\/proba\/wp-content\/uploads\/2008\/08\/Sintaksa-i-semantika-naslovna.jpg\"><img decoding=\"async\" loading=\"lazy\" class=\"alignleft size-full wp-image-681\" title=\"Sintaksa i semantika - naslovna\" src=\"http:\/\/pergamena.hr\/proba\/wp-content\/uploads\/2008\/08\/Sintaksa-i-semantika-naslovna.jpg\" alt=\"\" width=\"187\" height=\"270\" \/><\/a><\/p>\n<p><strong>\u2022 \u00a0<\/strong>Autorica: <strong>Marija Znika<\/strong><br \/>\n<strong>\u2022 \u00a0<\/strong>Godina izdanja: <strong>2008.<\/strong><br \/>\n<strong>\u2022 \u00a0<\/strong>Uvez: <strong>tvrdi<\/strong><br \/>\n<strong>\u2022 \u00a0<\/strong>Dimenzije:<strong>\u00a024.5 x 17 cm<\/strong><br \/>\n<strong>\u2022 \u00a0<\/strong>Broj stranica: <strong>276<\/strong><br \/>\n<strong>\u2022 \u00a0<\/strong>Cijena: <strong>\u20ac19,90<\/strong> \/ 150,00 kn<\/p>\n<p><strong><strong><strong>\u2022\u00a0\u00a0<a title=\"NARUD\u017dBA\" href=\"http:\/\/pergamena.hr\/?page_id=1138\">NARU\u010cI<\/a><strong> <strong>\u00a0\u2022<\/strong><\/strong><\/strong> \u00a0<\/strong><\/strong><strong>\u00a0<\/strong><\/p>\n<blockquote>\n<p style=\"text-align: justify;\">U knjizi su skupljeni odabrani radovi objavljivani u knjigama ili u \u010dasopisima u posljednjih dvadesetak godina i dva do sada neobjavljena rada (onaj o apoziciji i pokazateljima brojivosti). Razlog \u0161to sam te radove \u017eeljela objaviti na jednome mjestu u \u010dinjenici je da su neki tekstovi gotovo nedostupni, a neki te\u017ee dostupni, a neki od njih su obavezna ili izborna literatura. Objavljuju\u0107i ih na jednome mjestu, u\u010dinit \u0107u ih dostupnima i novim nara\u0161tajima koje zanima prije svega sintakti\u010dka problematika u hrvatskome jeziku, a onda i utjecaj semanti\u010dke sastavnice na sin\u00adtakti\u010dku, te utjecaj obavijesnoga ustrojstva na sintakti\u010dke izbore.<br \/>\nRadovi u knjizi metodolo\u0161ki se temelje prete\u017eno na hrvatskomu jeziku prilago\u0111e\u00adnoj ina\u010dici generativne transformacijske gramatike (proizvodne preobli\u010dne slovni\u00adce) Noama Chomskoga, kakvu nalazimo u radovima Radoslava Kati\u010di\u0107a, posebice u njegovim Jezikoslovnim ogledima i Sintaksi, koji su od sedamdesetih godina bitno utjecali na sintakti\u010dka istra\u017eivanja u hrvatskome jeziku i rezultirali novim spozna\u00adjama o naravi sintakti\u010dkih odnosa u njemu, ozna\u010duju\u0107i istodobno bitan odmak od tradicionalnih sintakti\u010dkih opisa.<br \/>\nIstra\u017euju\u0107i sintakti\u010dki polo\u017eaj atributa, te odnos atributa i predikata, opisala sam sintakti\u010dki i semanti\u010dki obavezne atribute. Budu\u0107i da je kompleks atribucije vezan i uz pridjeve, nu\u017eno sam morala za\u0107i u novo podru\u010dje i obraditi imeni\u010dku kategoriju odre\u0111enosti kojoj je pridjevni vid gramatikalizirano sredstvo izricanja. Kad je pak rije\u010d o tome za\u0161to uz neke imenice u nekim njihovim zna\u010denjima ne mogu stajati i pridjevi u odre\u0111enom i pridjevi u neodre\u0111enom obliku, nego samo u jednom od njih, valjalo je, slijede\u0107i tu spoznaju, istra\u017eiti uzroke. Tako sam do\u0161la do istra\u017ei\u00advanja kategorije brojivosti, njezine odredbe, na\u010dina njezina izra\u017eavanja, temeljite obrade imenica singularia tantum, podjele imenica na brojive i nebrojive, te prve u nas semanti\u010dke potpodjele nebrojivih imenica, \u0161to mo\u017ee imati prakti\u010dnu primjenu u leksikografskoj praksi za detektiranje razli\u010ditih zna\u010denjskih pomaka u imenica.<br \/>\nTako se knjigom zatvorio krug: od atributa, njihova svo\u0111enja na predikate, pre\u00adko sintakti\u010dki i semanti\u010dki obaveznih atributa, do semanti\u010dkih razloga u imeni\u010dkom zna\u010denju koji utje\u010du na izbor oblika pridjeva kao atributa uz doti\u010dnu imenicu.<br \/>\nRadove donosim tematski slo\u017eene, a ne kronolo\u0161ki, i to u neizmijenjenu obliku. Otuda i mo\u017eebitne razlike u nazivlju i pravopisu. Svaki je rad popra\u0107en popisom relevantne literature, a na kraju knjige donosi se zajedni\u010dko predmetno kazalo koje \u0107e olak\u0161ati slu\u017eenje knjigom i kazalo autora.<br \/>\nU Zagrebu 15. svibnja 2007.\u00a0 <strong>(Iz proslova)<\/strong><br \/>\n<strong>Autorica<\/strong><\/p>\n<\/blockquote>\n<div class='shareinpost'><ul class=\"socialwrap row\"><li class=\"iconOnly share\">Preporu\u010di putem :<\/li><li class=\"iconOnly\"><a  rel='nofollow'  target='_blank'  title='Preporu\u010di knjigu : Sintaksa i semantika na Facebooku'  href='http:\/\/www.facebook.com\/sharer.php?u=https%3A%2F%2Fpergamena.hr%2F%3Fp%3D385&amp;t=Sintaksa+i+semantika'  ><img  src='http:\/\/pergamena.hr\/proba\/wp-content\/plugins\/share-and-follow\/images\/blank.gif'  height='16' width='16'  class='image-16' alt='facebook'  style='background: transparent url(http:\/\/pergamena.hr\/proba\/wp-content\/plugins\/share-and-follow\/default\/16\/sprite-feb-16.png) no-repeat;padding:0;margin:0;height:16px;width:16px;background-position:-204px 0px'   \/> <span class=\"head\">Preporu\u010di knjigu<\/span><\/a><\/li><li class=\"iconOnly\"><a  rel='nofollow'  target='_blank'  title='Dijeli : Sintaksa i semantika na google plus'  href='https:\/\/plusone.google.com\/_\/+1\/confirm?hl=en&amp;url=https%3A%2F%2Fpergamena.hr%2F%3Fp%3D385&amp;title=Sintaksa+i+semantika'  ><img  src='http:\/\/pergamena.hr\/proba\/wp-content\/plugins\/share-and-follow\/images\/blank.gif'  height='16' width='16'  class='image-16' alt='gplus'  style='background: transparent url(http:\/\/pergamena.hr\/proba\/wp-content\/plugins\/share-and-follow\/default\/16\/sprite-feb-16.png) no-repeat;padding:0;margin:0;height:16px;width:16px;background-position:-425px 0px'   \/> <span class=\"head\">Dijeli na google plus<\/span><\/a><\/li><li class=\"iconOnly\"><a  rel='nofollow'  target='_blank'  title='Dijeli : Sintaksa i semantika na Linkedinu'  href='http:\/\/www.linkedin.com\/shareArticle?mini=true&amp;url=https%3A%2F%2Fpergamena.hr%2F%3Fp%3D385&amp;title=Sintaksa+i+semantika&amp;summary=%0A%0A%E2%80%A2+%C2%A0Autorica%3A+Marija+Znika%0A%E2%80%A2+%C2%A0Godina+izdanja%3A+2008.%0A%E2%80%A2+%C2%A0Uvez%3A+tvrdi%0A%E2%80%A2+%C2%A0Dimenzije%3A%C2%A024.5+x+17+cm%0A%E2%80%A2+%C2%A0Broj+stranica%3A+276%0A%E2%80%A2+%C2%A0Cijena%3A+%E2%82%AC19%2C90+%2F+150%2C00+kn%0A%0A%E2%80%A2%C2%A0%C2%A0NARU%C4%8CI+%C2%A0%E2%80%A2+%C2%A0%C2%A0%0A%0AU+knjizi+su+skupljeni+odabrani+radovi+objavljivani+u+knjigama+ili+u+%C4%8Dasopisima+u+posljednjih+dvadesetak+godina+i+dva+do+sad'  ><img  src='http:\/\/pergamena.hr\/proba\/wp-content\/plugins\/share-and-follow\/images\/blank.gif'  height='16' width='16'  class='image-16' alt='linkedin'  style='background: transparent url(http:\/\/pergamena.hr\/proba\/wp-content\/plugins\/share-and-follow\/default\/16\/sprite-feb-16.png) no-repeat;padding:0;margin:0;height:16px;width:16px;background-position:-578px 0px'   \/> <span class=\"head\">Dijelite putem linkedina<\/span><\/a><\/li><li class=\"iconOnly\"><a  rel='nofollow'  target='_blank'  title='Tweetaj o ovoj knjizi : Sintaksa i semantika na Twitteru'  href=\"http:\/\/twitter.com\/share?url=https%3A%2F%2Fpergamena.hr%2F%3Fp%3D385&amp;text=Sintaksa+i+semantika+-+\"  ><img  src='http:\/\/pergamena.hr\/proba\/wp-content\/plugins\/share-and-follow\/images\/blank.gif'  height='16' width='16'  class='image-16' alt='twitter'  style='background: transparent url(http:\/\/pergamena.hr\/proba\/wp-content\/plugins\/share-and-follow\/default\/16\/sprite-feb-16.png) no-repeat;padding:0;margin:0;height:16px;width:16px;background-position:-1105px 0px'   \/> <span class=\"head\">Tweetajte o ovoj knjizi<\/span><\/a><\/li><li class=\"iconOnly\"><a  rel='nofollow'  target='_self'  title='Ispi\u0161i stranicu : Sintaksa i semantika za kasnije \u010ditanje'  href='javascript:window.print();'  ><img  src='http:\/\/pergamena.hr\/proba\/wp-content\/plugins\/share-and-follow\/images\/blank.gif'  height='16' width='16'  class='image-16' alt='print'  style='background: transparent url(http:\/\/pergamena.hr\/proba\/wp-content\/plugins\/share-and-follow\/default\/16\/sprite-feb-16.png) no-repeat;padding:0;margin:0;height:16px;width:16px;background-position:-884px 0px'   \/> <span class=\"head\">Ispi\u0161ite stranicu<\/span><\/a><\/li><li class=\"iconOnly\"><a rel=\"_self\" href=\"mailto:?subject=pergamena.hr%20\u2502%20Izdava\u010dka%20ku\u0107a%20iz%20Zagreba%20:%20Sintaksa%20i%20semantika&amp;body=\u0160aljem%20Vam%20poveznicu%20preko%20internet%20stranice%20pergamena.hr%20na%20knjigu%20:%20%20%20https:\/\/pergamena.hr\/?p=385\" title=\"Preporu\u010di knjigu prijateljima : Sintaksa i semantika e-mailom\"><img src=\"http:\/\/pergamena.hr\/proba\/wp-content\/plugins\/share-and-follow\/images\/blank.gif\" height=\"16\"  width=\"16\" style=\"background: transparent url(http:\/\/pergamena.hr\/proba\/wp-content\/plugins\/share-and-follow\/default\/16\/sprite-feb-16.png) no-repeat;padding:0;margin:0;height:16px;width:16px;background-position:-187px 0px\" class=\"image-16\"  alt=\"email\" \/> <span class=\"head\">Preporu\u010dite knjigu prijateljima<\/span><\/a><\/li><\/ul><div class=\"clean\"><\/div> <\/div>","protected":false},"excerpt":{"rendered":"<p>\u2022 \u00a0Autorica: Marija Znika \u2022 \u00a0Godina izdanja: 2008. \u2022 \u00a0Uvez: tvrdi \u2022 \u00a0Dimenzije:\u00a024.5 x 17 cm \u2022 \u00a0Broj stranica: 276 \u2022 \u00a0Cijena: \u20ac19,90 \/ 150,00 kn \u2022\u00a0\u00a0NARU\u010cI \u00a0\u2022 \u00a0\u00a0 U [&hellip;]<\/p>\n","protected":false},"author":1,"featured_media":681,"comment_status":"closed","ping_status":"closed","sticky":false,"template":"","format":"standard","meta":[],"categories":[6,48],"tags":[],"_links":{"self":[{"href":"https:\/\/pergamena.hr\/index.php?rest_route=\/wp\/v2\/posts\/385"}],"collection":[{"href":"https:\/\/pergamena.hr\/index.php?rest_route=\/wp\/v2\/posts"}],"about":[{"href":"https:\/\/pergamena.hr\/index.php?rest_route=\/wp\/v2\/types\/post"}],"author":[{"embeddable":true,"href":"https:\/\/pergamena.hr\/index.php?rest_route=\/wp\/v2\/users\/1"}],"replies":[{"embeddable":true,"href":"https:\/\/pergamena.hr\/index.php?rest_route=%2Fwp%2Fv2%2Fcomments&post=385"}],"version-history":[{"count":21,"href":"https:\/\/pergamena.hr\/index.php?rest_route=\/wp\/v2\/posts\/385\/revisions"}],"predecessor-version":[{"id":2816,"href":"https:\/\/pergamena.hr\/index.php?rest_route=\/wp\/v2\/posts\/385\/revisions\/2816"}],"wp:featuredmedia":[{"embeddable":true,"href":"https:\/\/pergamena.hr\/index.php?rest_route=\/wp\/v2\/media\/681"}],"wp:attachment":[{"href":"https:\/\/pergamena.hr\/index.php?rest_route=%2Fwp%2Fv2%2Fmedia&parent=385"}],"wp:term":[{"taxonomy":"category","embeddable":true,"href":"https:\/\/pergamena.hr\/index.php?rest_route=%2Fwp%2Fv2%2Fcategories&post=385"},{"taxonomy":"post_tag","embeddable":true,"href":"https:\/\/pergamena.hr\/index.php?rest_route=%2Fwp%2Fv2%2Ftags&post=385"}],"curies":[{"name":"wp","href":"https:\/\/api.w.org\/{rel}","templated":true}]}}