{"id":319,"date":"2008-08-29T14:57:43","date_gmt":"2008-08-29T13:57:43","guid":{"rendered":"http:\/\/pergamena.hr\/proba\/?p=319"},"modified":"2024-02-01T23:01:26","modified_gmt":"2024-02-01T22:01:26","slug":"antibarbarus-hrvatskoga-jezika","status":"publish","type":"post","link":"https:\/\/pergamena.hr\/?p=319","title":{"rendered":"Antibarbarus hrvatskoga jezika"},"content":{"rendered":"<div style=\"float:right;padding: 0 0 10px 10px\" class=\"interactive_right\"><div class='button_holder_right'><iframe src=\"http:\/\/www.facebook.com\/plugins\/like.php?href=https%3A%2F%2Fpergamena.hr%2F%3Fp%3D319&amp;layout=standard&amp;show_faces=false&amp;width=75&amp;action=recommend&amp;font=arial&amp;colorscheme=dark&amp;height=31\" scrolling=\"no\" frameborder=\"0\" style=\"border:none; overflow:hidden; width:75px; height:31px;\" allowTransparency=\"true\"><\/iframe><\/div><\/div><p><a href=\"http:\/\/pergamena.hr\/proba\/wp-content\/uploads\/2008\/08\/Antibarbarus-hrvatskoga-jezika-naslovna.jpg\"><img decoding=\"async\" loading=\"lazy\" class=\"alignleft size-full wp-image-713\" title=\"Antibarbarus hrvatskoga jezika - naslovna\" src=\"http:\/\/pergamena.hr\/proba\/wp-content\/uploads\/2008\/08\/Antibarbarus-hrvatskoga-jezika-naslovna.jpg\" alt=\"\" width=\"182\" height=\"270\" \/><\/a><\/p>\n<p><strong>\u2022 \u00a0<\/strong>Autor: <strong>Jozo Dujmu\u0161i\u0107<\/strong><br \/>\n<strong>\u2022 \u00a0<\/strong>Godina izdanja: <strong>2008.<\/strong><br \/>\n<strong>\u2022 \u00a0<\/strong>Uvez:<strong> tvrdi<\/strong><br \/>\n<strong>\u2022 \u00a0<\/strong>Dimenzije: <strong>24 x 17 cm<\/strong><br \/>\n<strong>\u2022 \u00a0<\/strong>Broj stranica: <strong>442<\/strong><br \/>\n<strong>\u2022 \u00a0<\/strong>Cijena:\u00a0<strong> \u20ac19,90 <\/strong>\/ 150,00 kn<\/p>\n<p><strong> <strong>\u2022\u00a0\u00a0<a title=\"NARUD\u017dBA\" href=\"http:\/\/pergamena.hr\/?page_id=1138\">NARU\u010cI<\/a><strong> <strong>\u00a0\u2022<\/strong><\/strong><\/strong> \u00a0<\/strong><\/p>\n<blockquote>\n<p style=\"text-align: justify;\"><strong>Filologijske sitnice:<\/strong><br \/>\n<strong>Jozo Dujmu\u0161i\u0107 (1874.-1942.)<\/strong><br \/>\nU nara\u0161taju hrvatskih filologa i jezikoslovaca \u0161to su u filologiju zakora\u010dili na izmaku XIX. stolje\u0107a, a afirmaciju stekli u prvoj polovici XX. stolje\u0107a rijetki su oni za koje se mo\u017ee re\u0107i da nisu bili vukovci, tj. da su zastupali stajali\u0161ta druga\u010dija od Tome Mareti\u0107a i njegovih u\u010denika i nasljedovatelja. Me\u0111u takvima rijetkima posebno mjesto pripada Jozi Dujmu\u0161i\u0107u, dosljednu zagovorniku hrvatske jezi\u010dne posebnosti i kultiviranja hrvatskoga knji\u017eevnog jezika, jednom od najplodnijih i najupornijih (pa i &#8220;najtvr\u0111ih&#8221;) purista u bogatoj povijesti hrvatskoga jezi\u010dnog pu\u00adrizma u \u010diji su \u017eivotni put i kroatisti\u010dku zauzetost utkane mnoge zna\u010dajke njemu suvremenih politi\u010dkih gibanja.<\/p>\n<p style=\"text-align: justify;\">1. Jozo Dujmu\u0161i\u0107 rodio se 21. kolovoza 1874. u Polju kod Travnika u obitelji koja je po svoj prilici podrijetlom iz Dalmatinske zagore. Pu\u010dku je \u0161kolu zavr\u0161io u Dolcu. Prvih \u0161est razreda gimnazije poha\u0111ao je u Travniku, a zadnja dva u Saraje\u00advu gdje je i maturirao. Studij klasi\u010dne filologije zapo\u010deo je u Innsbrucku odakle je 1894. pre\u0161ao u Be\u010d na studij slavistike koji je zavr\u0161io 1898. U Be\u010du je 1900. dokto\u00adrirao disertacijom Studium iiber Osvetnici des Dichters fra Grgo Marti\u0107. Slu\u017ebo\u00advao je prvo u Biha\u0107u (1900.-1903.) kao namjesni u\u010ditelj na tamo\u0161njoj gimnaziji, a zatim kao gimnazijski profesor u Sarajevu, Banjoj Luci i Tuzli do 1914. kad je zapo\u010deo slu\u017ebu na gimnaziji u Derventi u kojoj je do\u010dekao kraj Prvoga svjetskog rata, &#8220;ujedinjenje&#8221; i prvo prijevremeno umirovljenje (1919.). U slu\u017ebuje ponovno vra\u0107en (&#8220;uspostavljen&#8221;) god. 1920. kao profesor na gimnaziji u Vara\u017edinu odakle je 1925. premje\u0161ten u Kotor i potom opet prijevremeno umirovljen. Stjepan Radi\u0107 kao ministar prosvjete u vladi Narodnoga sporazuma, tj. u desetoj vladi Nikole Pa\u0161i\u0107a (od 17. studenoga 1925. do 8. travnja 1926.) i u prvoj vladi Nikole Uzunovi\u0107a (od 8. do 15. travnja 1926.) ponovno je Dujmu\u0161i\u0107a pozvao u slu\u017ebu pa je otada profesor na III. realnoj gimnaziji u Zagrebu do svoga tre\u0107eg i kona\u010dnog umirovljenja godine 1933. Nakon umirovljenja Dujmu\u0161i\u0107 je \u017eivio i djelovao u Zagrebu gdje je i umro 14. listopada 1942.<br \/>\n2. Svoj prvi filolo\u0161ki rad Dujmu\u0161i\u0107 je objavio jo\u0161 kao student god. 1896. u Viencu (&#8220;Jezik Men\u010deti\u0107ev i Dr\u017ei\u0107ev prema Maruli\u0107evu&#8221;; vidi u ovoj knjizi str. 279-288), a od 1902. pa do smrti, puna \u010detiri desetlje\u0107a kontinuirano je objavljivao radove iz razli\u010ditih podru\u010dja knji\u017eevnopovijesne i jezikoslovne kroatistike: o hrvatskoj usme\u00adnoj knji\u017eevnosti i teoriji knji\u017eevnosti, o gimnazijskim \u010ditankama i ud\u017ebenicima za hrvatski jezik, o jeziku bosanskih franjevaca, o starijim hrvatskim knji\u017eevnicima (V. Do\u0161enu, F. Lastri\u0107u), leksikografima (J. Mikalji) i gramati\u010darima (A. Veberu Tkal\u010devi\u0107u; v. str. 394\u2014396). Ipak, Dujmu\u0161i\u0107 je najvi\u0161e radova objavio o hrvat- sko-srpskim jezi\u010dnim (i drugim) prijeporima i razlikama, o hrvatskim pravopisnim dvojbama i nedoumicama te o \u010disto\u0107i i pravilnosti (tj. o kultiviranju) hrvatskoga knji\u017eevnog jezika. Usto, napisao je dva vrlo o\u0161tra polemi\u010dka teksta: Komedija &#8220;Napretkovih&#8221; odbornika i zadnja glavna skup\u0161tina (Sarajevo, 1912.) i O\u010duvaj nas, Bo\u017ee, fratarske zlobe (Sarajevo, 1913.). Sve u svemu Dujmu\u0161i\u0107 je za sobom ostavio bibliografiju od dvjestotinjak jedinica (knjiga, rasprava, \u010dlanaka, polemika), \u0161to rje\u010dito svjedo\u010di o jednome filolo\u0161kom djelu koje je svojom glavninom nastalo u prvim \u010detirima desetlje\u0107ima XX. stolje\u0107a, ali je ve\u0107 od sredine \u010detrdesetih godina gurnuto ustranu i potom sustavno pre\u0161u\u0107ivano, pa je tako kasnijim nara\u0161tajima (p)- ostalo posve nepoznato.<strong>\u00a0 (POGOVOR)<\/strong><\/p>\n<p style=\"text-align: justify;\">\n<\/blockquote>\n<div class='shareinpost'><ul class=\"socialwrap row\"><li class=\"iconOnly share\">Preporu\u010di putem :<\/li><li class=\"iconOnly\"><a  rel='nofollow'  target='_blank'  title='Preporu\u010di knjigu : Antibarbarus hrvatskoga jezika na Facebooku'  href='http:\/\/www.facebook.com\/sharer.php?u=https%3A%2F%2Fpergamena.hr%2F%3Fp%3D319&amp;t=Antibarbarus+hrvatskoga+jezika'  ><img  src='http:\/\/pergamena.hr\/proba\/wp-content\/plugins\/share-and-follow\/images\/blank.gif'  height='16' width='16'  class='image-16' alt='facebook'  style='background: transparent url(http:\/\/pergamena.hr\/proba\/wp-content\/plugins\/share-and-follow\/default\/16\/sprite-feb-16.png) no-repeat;padding:0;margin:0;height:16px;width:16px;background-position:-204px 0px'   \/> <span class=\"head\">Preporu\u010di knjigu<\/span><\/a><\/li><li class=\"iconOnly\"><a  rel='nofollow'  target='_blank'  title='Dijeli : Antibarbarus hrvatskoga jezika na google plus'  href='https:\/\/plusone.google.com\/_\/+1\/confirm?hl=en&amp;url=https%3A%2F%2Fpergamena.hr%2F%3Fp%3D319&amp;title=Antibarbarus+hrvatskoga+jezika'  ><img  src='http:\/\/pergamena.hr\/proba\/wp-content\/plugins\/share-and-follow\/images\/blank.gif'  height='16' width='16'  class='image-16' alt='gplus'  style='background: transparent url(http:\/\/pergamena.hr\/proba\/wp-content\/plugins\/share-and-follow\/default\/16\/sprite-feb-16.png) no-repeat;padding:0;margin:0;height:16px;width:16px;background-position:-425px 0px'   \/> <span class=\"head\">Dijeli na google plus<\/span><\/a><\/li><li class=\"iconOnly\"><a  rel='nofollow'  target='_blank'  title='Dijeli : Antibarbarus hrvatskoga jezika na Linkedinu'  href='http:\/\/www.linkedin.com\/shareArticle?mini=true&amp;url=https%3A%2F%2Fpergamena.hr%2F%3Fp%3D319&amp;title=Antibarbarus+hrvatskoga+jezika&amp;summary=%0A%0A%E2%80%A2+%C2%A0Autor%3A+Jozo+Dujmu%C5%A1i%C4%87%0A%E2%80%A2+%C2%A0Godina+izdanja%3A+2008.%0A%E2%80%A2+%C2%A0Uvez%3A+tvrdi%0A%E2%80%A2+%C2%A0Dimenzije%3A+24+x+17+cm%0A%E2%80%A2+%C2%A0Broj+stranica%3A+442%0A%E2%80%A2+%C2%A0Cijena%3A%C2%A0+%E2%82%AC19%2C90+%2F+150%2C00+kn%0A%0A+%E2%80%A2%C2%A0%C2%A0NARU%C4%8CI+%C2%A0%E2%80%A2+%C2%A0%0A%0AFilologijske+sitnice%3A%0AJozo+Dujmu%C5%A1i%C4%87+%281874.-1942.%29%0AU+nara%C5%A1taju+hrvatskih+filologa+i+jezikoslovaca+%C5%A1to+su+u+filologiju+zakor'  ><img  src='http:\/\/pergamena.hr\/proba\/wp-content\/plugins\/share-and-follow\/images\/blank.gif'  height='16' width='16'  class='image-16' alt='linkedin'  style='background: transparent url(http:\/\/pergamena.hr\/proba\/wp-content\/plugins\/share-and-follow\/default\/16\/sprite-feb-16.png) no-repeat;padding:0;margin:0;height:16px;width:16px;background-position:-578px 0px'   \/> <span class=\"head\">Dijelite putem linkedina<\/span><\/a><\/li><li class=\"iconOnly\"><a  rel='nofollow'  target='_blank'  title='Tweetaj o ovoj knjizi : Antibarbarus hrvatskoga jezika na Twitteru'  href=\"http:\/\/twitter.com\/share?url=https%3A%2F%2Fpergamena.hr%2F%3Fp%3D319&amp;text=Antibarbarus+hrvatskoga+jezika+-+\"  ><img  src='http:\/\/pergamena.hr\/proba\/wp-content\/plugins\/share-and-follow\/images\/blank.gif'  height='16' width='16'  class='image-16' alt='twitter'  style='background: transparent url(http:\/\/pergamena.hr\/proba\/wp-content\/plugins\/share-and-follow\/default\/16\/sprite-feb-16.png) no-repeat;padding:0;margin:0;height:16px;width:16px;background-position:-1105px 0px'   \/> <span class=\"head\">Tweetajte o ovoj knjizi<\/span><\/a><\/li><li class=\"iconOnly\"><a  rel='nofollow'  target='_self'  title='Ispi\u0161i stranicu : Antibarbarus hrvatskoga jezika za kasnije \u010ditanje'  href='javascript:window.print();'  ><img  src='http:\/\/pergamena.hr\/proba\/wp-content\/plugins\/share-and-follow\/images\/blank.gif'  height='16' width='16'  class='image-16' alt='print'  style='background: transparent url(http:\/\/pergamena.hr\/proba\/wp-content\/plugins\/share-and-follow\/default\/16\/sprite-feb-16.png) no-repeat;padding:0;margin:0;height:16px;width:16px;background-position:-884px 0px'   \/> <span class=\"head\">Ispi\u0161ite stranicu<\/span><\/a><\/li><li class=\"iconOnly\"><a rel=\"_self\" href=\"mailto:?subject=pergamena.hr%20\u2502%20Izdava\u010dka%20ku\u0107a%20iz%20Zagreba%20:%20Antibarbarus%20hrvatskoga%20jezika&amp;body=\u0160aljem%20Vam%20poveznicu%20preko%20internet%20stranice%20pergamena.hr%20na%20knjigu%20:%20%20%20https:\/\/pergamena.hr\/?p=319\" title=\"Preporu\u010di knjigu prijateljima : Antibarbarus hrvatskoga jezika e-mailom\"><img src=\"http:\/\/pergamena.hr\/proba\/wp-content\/plugins\/share-and-follow\/images\/blank.gif\" height=\"16\"  width=\"16\" style=\"background: transparent url(http:\/\/pergamena.hr\/proba\/wp-content\/plugins\/share-and-follow\/default\/16\/sprite-feb-16.png) no-repeat;padding:0;margin:0;height:16px;width:16px;background-position:-187px 0px\" class=\"image-16\"  alt=\"email\" \/> <span class=\"head\">Preporu\u010dite knjigu prijateljima<\/span><\/a><\/li><\/ul><div class=\"clean\"><\/div> <\/div>","protected":false},"excerpt":{"rendered":"<p>\u2022 \u00a0Autor: Jozo Dujmu\u0161i\u0107 \u2022 \u00a0Godina izdanja: 2008. \u2022 \u00a0Uvez: tvrdi \u2022 \u00a0Dimenzije: 24 x 17 cm \u2022 \u00a0Broj stranica: 442 \u2022 \u00a0Cijena:\u00a0 \u20ac19,90 \/ 150,00 kn \u2022\u00a0\u00a0NARU\u010cI \u00a0\u2022 \u00a0 [&hellip;]<\/p>\n","protected":false},"author":1,"featured_media":713,"comment_status":"closed","ping_status":"closed","sticky":false,"template":"","format":"standard","meta":[],"categories":[6,49],"tags":[],"_links":{"self":[{"href":"https:\/\/pergamena.hr\/index.php?rest_route=\/wp\/v2\/posts\/319"}],"collection":[{"href":"https:\/\/pergamena.hr\/index.php?rest_route=\/wp\/v2\/posts"}],"about":[{"href":"https:\/\/pergamena.hr\/index.php?rest_route=\/wp\/v2\/types\/post"}],"author":[{"embeddable":true,"href":"https:\/\/pergamena.hr\/index.php?rest_route=\/wp\/v2\/users\/1"}],"replies":[{"embeddable":true,"href":"https:\/\/pergamena.hr\/index.php?rest_route=%2Fwp%2Fv2%2Fcomments&post=319"}],"version-history":[{"count":21,"href":"https:\/\/pergamena.hr\/index.php?rest_route=\/wp\/v2\/posts\/319\/revisions"}],"predecessor-version":[{"id":2817,"href":"https:\/\/pergamena.hr\/index.php?rest_route=\/wp\/v2\/posts\/319\/revisions\/2817"}],"wp:featuredmedia":[{"embeddable":true,"href":"https:\/\/pergamena.hr\/index.php?rest_route=\/wp\/v2\/media\/713"}],"wp:attachment":[{"href":"https:\/\/pergamena.hr\/index.php?rest_route=%2Fwp%2Fv2%2Fmedia&parent=319"}],"wp:term":[{"taxonomy":"category","embeddable":true,"href":"https:\/\/pergamena.hr\/index.php?rest_route=%2Fwp%2Fv2%2Fcategories&post=319"},{"taxonomy":"post_tag","embeddable":true,"href":"https:\/\/pergamena.hr\/index.php?rest_route=%2Fwp%2Fv2%2Ftags&post=319"}],"curies":[{"name":"wp","href":"https:\/\/api.w.org\/{rel}","templated":true}]}}