{"id":294,"date":"2000-08-29T14:19:39","date_gmt":"2000-08-29T13:19:39","guid":{"rendered":"http:\/\/pergamena.hr\/proba\/?p=294"},"modified":"2024-02-01T23:02:17","modified_gmt":"2024-02-01T22:02:17","slug":"ivan-franjo-jukic","status":"publish","type":"post","link":"https:\/\/pergamena.hr\/?p=294","title":{"rendered":"Ivan Franjo Juki\u0107"},"content":{"rendered":"<div style=\"float:right;padding: 0 0 10px 10px\" class=\"interactive_right\"><div class='button_holder_right'><iframe src=\"http:\/\/www.facebook.com\/plugins\/like.php?href=https%3A%2F%2Fpergamena.hr%2F%3Fp%3D294&amp;layout=standard&amp;show_faces=false&amp;width=75&amp;action=recommend&amp;font=arial&amp;colorscheme=dark&amp;height=31\" scrolling=\"no\" frameborder=\"0\" style=\"border:none; overflow:hidden; width:75px; height:31px;\" allowTransparency=\"true\"><\/iframe><\/div><\/div><p><a href=\"http:\/\/pergamena.hr\/proba\/wp-content\/uploads\/2000\/08\/Ivan-Franjo-Jukic-naslovna.jpg\"><img decoding=\"async\" loading=\"lazy\" class=\"alignleft size-full wp-image-760\" title=\"Ivan Franjo Jukic - naslovna\" src=\"http:\/\/pergamena.hr\/proba\/wp-content\/uploads\/2000\/08\/Ivan-Franjo-Jukic-naslovna.jpg\" alt=\"\" width=\"183\" height=\"270\" \/><\/a><\/p>\n<p>\u2022 \u00a0Autor: <strong>Marko Lukenda<\/strong><br \/>\n\u2022 \u00a0Godina izdanja:\u00a0<strong>2000.\u00a0 <\/strong><br \/>\n\u2022 \u00a0Uvez:<strong>\u00a0meki<\/strong><br \/>\n\u2022 \u00a0Dimenzije: <strong>22 x 16 cm<\/strong><br \/>\n\u2022 \u00a0Broj stranica:<strong>\u00a0223<\/strong><br \/>\n\u2022 \u00a0Cijena:<strong> \u20ac15,90<\/strong> \/ 120,00 kn<\/p>\n<p><strong><strong>\u2022\u00a0\u00a0<a title=\"NARUD\u017dBA\" href=\"http:\/\/pergamena.hr\/?page_id=1138\">NARU\u010cI<\/a><strong> <strong>\u00a0\u2022<\/strong><\/strong><\/strong> <strong>\u00a0<\/strong><\/strong><\/p>\n<blockquote>\n<p style=\"text-align: justify;\">Ve\u0107 povr\u0161an pogled na knji\u017eevnu pro\u0161lost otkriva naizgled jednostavnu istinu: iza svakoga se velikog vremena krije barem jedno veliko ime. Ili obrnuto, dodali bi drugi. I u jednom i u drugom slu\u010daju veza vremena i njihovih predstavnika obostrano je uvjetovana. Ti\u010de se to podjednako i svih vremena i svih djelatnosti, pa i svih istaknutih pojedinaca, dakle i knji\u017eevnosti i knji\u017eevnika. Spisateljska ukorijenjenost u vlastitom vremenu istina je koju, zapravo, nikomu ne pada na pamet ni provjeravati, a ako istina njegova vremena nadraste i svoje i druga vremena, govorimo o njezinoj univerzalnosti, dok je djelo koje ju tuma\u010di nedvojbeno umjetni\u010dko <em>sui generis.<\/em><br \/>\nA \u0161to je s onim &#8211; bar\u010devski kazano &#8211; veli\u010dinama malenih granice \u010dijih djela ne prelaze ne samo granice nacionalne kulture i umjetnosti, ve\u0107 ni tzv. lokalne, a kojih je upravo puna svaka kultura i svaka umjetnost. Njihovo djelo ne podnosi jake kriterije; \u0161to je krupniji raster njihova motrenja, to je blje\u0111i udio njihova \u010dina. Ali zato u svakoj finijoj, temeljitijoj ra\u0161\u010dlambi svih fenomena putovi nu\u017eno vode i tim malim veli\u010dinama koje su nadahnjivale svoje vrijeme i svoje sredine, unosile u njih \u017eivost, poticale i sijale, a bez kojih ne bi bilo ni onih iznimnih, vrhunskih pojedinaca.<br \/>\nMe\u0111u ove druge pripada i Ivan Franjo Juki\u0107, pisac i prosvjetitelj skromna djela i jo\u0161 skromnijega udjela u nacionalnoj kulturi. Ali, kako ne mo\u017eemo nastaviti u smislu da je bio i jedan od mnogih, ve\u0107 tek jedan od rijetkih, \u010dini se da mu djelo skromnim \u010dini vi\u0161e daljina s koje danas gledamo na njegov rad nego \u0161to to ono po svojim u\u010dincima uistinu jest. Uostalom, druk\u010dijim ga ni sam autor nije dr\u017eao niti bi mu se samomu mililo da je i\u010dim str\u0161ilo te zasjenjivalo plemenite i skromne nakane i napore predanoga raba Bo\u017ejega, redovnika sv. Franje Asi\u0161koga iz Bosne Srebrne. \u017delio je samo slu\u017eiti svojoj zemlji i njezinim ljudima te pripomo\u0107i osloba\u0111anju svojih sunarodnjaka dvojaka ropstva: onoga zbog tu\u0111inca neprijatelja i onoga zbog neznanja. U tu se svrhu fra Ivan Franjo Juki\u0107 latio pera te ispunjavao svoju zada\u0107u uporno i ustrajno, bolesti i oskudici usprkos &#8211; do samoga kraja.<br \/>\nUpravo o tome &#8211; o profilu jednoga ideala &#8211; od po\u010detka do kraja govori ova knjiga, li\u0161ena svake ambicije osim jedne jedine: da se spomene jednoga od skromnih utemeljitelja nacionalne duhovnosti, \u010dije ime danas svakako manje zna\u010di od njegove misli i djela. Upravo je u tome Ivan Franjo Juki\u0107 nadrastao svoje vrijeme.<br \/>\n<strong>(Iz predgovora)<\/strong><\/p>\n<p style=\"text-align: justify;\">Jedan franjeva\u010dki redovnik 19. stolje\u0107a, njegova knji\u017eevna ostav\u0161tina, jezi\u010dna i prosvjetiteljska djelatnost bili su predmetom ovoga istra\u017eivanja. Na kraju nastojanja oko prikaza njegova \u017eivota i djelovanja postavlja se pitanje: Je li Juki\u0107evo djelo trebalo istra\u017eivati i njegovu vrijednost priop\u0107iti potomcima.<br \/>\nMoje apsolutno DA pripada obama podru\u010djima: ljudskom tijeku jednoga nemirnoga \u017eivota i rezultatima njegova knji\u017eevnoga, jezi\u010dnoga i prosvjetiteljskoga rada.<br \/>\n\u010covjek Ivan Franjo Juki\u0107, ispa\u0107en i obilje\u017een odricanjima svake vrste, prisiljava svojom predano\u0161\u0107u Bogu, svojom ustrajno\u0161\u0107u, svojom neza-htjevno\u0161\u0107u, svojim neposustalim zalaganjem na neograni\u010deno divljenje. Ljubav prema domovini, koja ga posve ispunjava, najja\u010da je pokreta\u010dka sila u njegovu \u017eivotu. Da je Juki\u0107 postao redovnik, \u010dini mi se da je vi\u0161e uvjetovano vremenom: mladi\u0107u \u017eeljnu znanja tada nije bio otvoren nijedan drugi put. Ipak, ne mo\u017ee se sumnjati u ozbiljnost njegova sve\u0107eni\u010dkoga \u017eivota.<br \/>\nSvoju spisateljsku nadarenost stavio je Juki\u0107 samo i jedino u slu\u017ebu domovine, zemlje \u010dija pro\u0161lost i povijest jo\u0161 nije bila do kraja istra\u017eena. Juki\u0107 je kao franjevac mogao prema pravilima svojega Reda provesti \u017eivot u molitvi i ispunjavanju dodijeljenih mu <em>zada\u0107a, <\/em>ali to bi za taj budni, rodoljubno svjesni duh bilo premalo. Cijelo je njegovo bi\u0107e zahtijevalo aktivno zalaganje za narod i domovinu, \u010desto dapa\u010de uz otpor prema poglavarima, koji su se bojali progona Reda i neprijatelja zemlje.<br \/>\n\u010citatelj tih zapisa saznaje koliko je Juki\u0107ev zavi\u010daj pro\u017eivio jada, tla\u010denja i odricanja svake vrste i koliko Juki\u0107eva ostav\u0161tina obvezuje potomke.<br \/>\nNjegov sjajan, budan, otvoren duh upoznao je potrebe vlastitih sunarodnjaka i stavio svoje sile, usprkos oskudici i bolesti, do posljednjega daha u slu\u017ebu domovine &#8211; Bosne.<br \/>\nJuki\u0107 je rodoljub visokih ljudskih kvaliteta, knji\u017eevnik i znanstvenik ograni\u010dene razine, uporan jezi\u010dni sljedbenik Zagreba\u010dke filolo\u0161ke \u0161kole, neumoran i neustra\u0161iv prosvjetitelj bez premca u Bosni onoga doba, neprijeporne izra\u017eajne snage i nezatajivih zasluga za svoju domovinu i svoj hrvatski narod, za koje je radio cijeli svoj \u017eivot i kao sve\u0107enik i kao \u010dovjek, potpuno uvjeren da je na pravom putu, \u0161to je u ovoj knjizi i pokazano. <strong>(Iz pogovora)<\/strong><br \/>\n<strong>Marko Lukenda<\/strong><\/p>\n<\/blockquote>\n<div class='shareinpost'><ul class=\"socialwrap row\"><li class=\"iconOnly share\">Preporu\u010di putem :<\/li><li class=\"iconOnly\"><a  rel='nofollow'  target='_blank'  title='Preporu\u010di knjigu : Ivan Franjo Juki\u0107 na Facebooku'  href='http:\/\/www.facebook.com\/sharer.php?u=https%3A%2F%2Fpergamena.hr%2F%3Fp%3D294&amp;t=Ivan+Franjo+Juki%C4%87'  ><img  src='http:\/\/pergamena.hr\/proba\/wp-content\/plugins\/share-and-follow\/images\/blank.gif'  height='16' width='16'  class='image-16' alt='facebook'  style='background: transparent url(http:\/\/pergamena.hr\/proba\/wp-content\/plugins\/share-and-follow\/default\/16\/sprite-feb-16.png) no-repeat;padding:0;margin:0;height:16px;width:16px;background-position:-204px 0px'   \/> <span class=\"head\">Preporu\u010di knjigu<\/span><\/a><\/li><li class=\"iconOnly\"><a  rel='nofollow'  target='_blank'  title='Dijeli : Ivan Franjo Juki\u0107 na google plus'  href='https:\/\/plusone.google.com\/_\/+1\/confirm?hl=en&amp;url=https%3A%2F%2Fpergamena.hr%2F%3Fp%3D294&amp;title=Ivan+Franjo+Juki%C4%87'  ><img  src='http:\/\/pergamena.hr\/proba\/wp-content\/plugins\/share-and-follow\/images\/blank.gif'  height='16' width='16'  class='image-16' alt='gplus'  style='background: transparent url(http:\/\/pergamena.hr\/proba\/wp-content\/plugins\/share-and-follow\/default\/16\/sprite-feb-16.png) no-repeat;padding:0;margin:0;height:16px;width:16px;background-position:-425px 0px'   \/> <span class=\"head\">Dijeli na google plus<\/span><\/a><\/li><li class=\"iconOnly\"><a  rel='nofollow'  target='_blank'  title='Dijeli : Ivan Franjo Juki\u0107 na Linkedinu'  href='http:\/\/www.linkedin.com\/shareArticle?mini=true&amp;url=https%3A%2F%2Fpergamena.hr%2F%3Fp%3D294&amp;title=Ivan+Franjo+Juki%C4%87&amp;summary=%0A%0A%E2%80%A2+%C2%A0Autor%3A+Marko+Lukenda%0A%E2%80%A2+%C2%A0Godina+izdanja%3A%C2%A02000.%C2%A0+%0A%E2%80%A2+%C2%A0Uvez%3A%C2%A0meki%0A%E2%80%A2+%C2%A0Dimenzije%3A+22+x+16+cm%0A%E2%80%A2+%C2%A0Broj+stranica%3A%C2%A0223%0A%E2%80%A2+%C2%A0Cijena%3A+%E2%82%AC15%2C90+%2F+120%2C00+kn%0A%0A%E2%80%A2%C2%A0%C2%A0NARU%C4%8CI+%C2%A0%E2%80%A2+%C2%A0%0A%0AVe%C4%87+povr%C5%A1an+pogled+na+knji%C5%BEevnu+pro%C5%A1lost+otkriva+naizgled+jednostavnu+istinu%3A+iza+svakoga+se+velikog+vremena+krije+barem+j'  ><img  src='http:\/\/pergamena.hr\/proba\/wp-content\/plugins\/share-and-follow\/images\/blank.gif'  height='16' width='16'  class='image-16' alt='linkedin'  style='background: transparent url(http:\/\/pergamena.hr\/proba\/wp-content\/plugins\/share-and-follow\/default\/16\/sprite-feb-16.png) no-repeat;padding:0;margin:0;height:16px;width:16px;background-position:-578px 0px'   \/> <span class=\"head\">Dijelite putem linkedina<\/span><\/a><\/li><li class=\"iconOnly\"><a  rel='nofollow'  target='_blank'  title='Tweetaj o ovoj knjizi : Ivan Franjo Juki\u0107 na Twitteru'  href=\"http:\/\/twitter.com\/share?url=https%3A%2F%2Fpergamena.hr%2F%3Fp%3D294&amp;text=Ivan+Franjo+Juki%C4%87+-+\"  ><img  src='http:\/\/pergamena.hr\/proba\/wp-content\/plugins\/share-and-follow\/images\/blank.gif'  height='16' width='16'  class='image-16' alt='twitter'  style='background: transparent url(http:\/\/pergamena.hr\/proba\/wp-content\/plugins\/share-and-follow\/default\/16\/sprite-feb-16.png) no-repeat;padding:0;margin:0;height:16px;width:16px;background-position:-1105px 0px'   \/> <span class=\"head\">Tweetajte o ovoj knjizi<\/span><\/a><\/li><li class=\"iconOnly\"><a  rel='nofollow'  target='_self'  title='Ispi\u0161i stranicu : Ivan Franjo Juki\u0107 za kasnije \u010ditanje'  href='javascript:window.print();'  ><img  src='http:\/\/pergamena.hr\/proba\/wp-content\/plugins\/share-and-follow\/images\/blank.gif'  height='16' width='16'  class='image-16' alt='print'  style='background: transparent url(http:\/\/pergamena.hr\/proba\/wp-content\/plugins\/share-and-follow\/default\/16\/sprite-feb-16.png) no-repeat;padding:0;margin:0;height:16px;width:16px;background-position:-884px 0px'   \/> <span class=\"head\">Ispi\u0161ite stranicu<\/span><\/a><\/li><li class=\"iconOnly\"><a rel=\"_self\" href=\"mailto:?subject=pergamena.hr%20\u2502%20Izdava\u010dka%20ku\u0107a%20iz%20Zagreba%20:%20Ivan%20Franjo%20Juki\u0107&amp;body=\u0160aljem%20Vam%20poveznicu%20preko%20internet%20stranice%20pergamena.hr%20na%20knjigu%20:%20%20%20https:\/\/pergamena.hr\/?p=294\" title=\"Preporu\u010di knjigu prijateljima : Ivan Franjo Juki\u0107 e-mailom\"><img src=\"http:\/\/pergamena.hr\/proba\/wp-content\/plugins\/share-and-follow\/images\/blank.gif\" height=\"16\"  width=\"16\" style=\"background: transparent url(http:\/\/pergamena.hr\/proba\/wp-content\/plugins\/share-and-follow\/default\/16\/sprite-feb-16.png) no-repeat;padding:0;margin:0;height:16px;width:16px;background-position:-187px 0px\" class=\"image-16\"  alt=\"email\" \/> <span class=\"head\">Preporu\u010dite knjigu prijateljima<\/span><\/a><\/li><\/ul><div class=\"clean\"><\/div> <\/div>","protected":false},"excerpt":{"rendered":"<p>\u2022 \u00a0Autor: Marko Lukenda \u2022 \u00a0Godina izdanja:\u00a02000.\u00a0 \u2022 \u00a0Uvez:\u00a0meki \u2022 \u00a0Dimenzije: 22 x 16 cm \u2022 \u00a0Broj stranica:\u00a0223 \u2022 \u00a0Cijena: \u20ac15,90 \/ 120,00 kn \u2022\u00a0\u00a0NARU\u010cI \u00a0\u2022 \u00a0 Ve\u0107 povr\u0161an pogled [&hellip;]<\/p>\n","protected":false},"author":1,"featured_media":760,"comment_status":"closed","ping_status":"open","sticky":false,"template":"","format":"standard","meta":[],"categories":[6,57],"tags":[17],"_links":{"self":[{"href":"https:\/\/pergamena.hr\/index.php?rest_route=\/wp\/v2\/posts\/294"}],"collection":[{"href":"https:\/\/pergamena.hr\/index.php?rest_route=\/wp\/v2\/posts"}],"about":[{"href":"https:\/\/pergamena.hr\/index.php?rest_route=\/wp\/v2\/types\/post"}],"author":[{"embeddable":true,"href":"https:\/\/pergamena.hr\/index.php?rest_route=\/wp\/v2\/users\/1"}],"replies":[{"embeddable":true,"href":"https:\/\/pergamena.hr\/index.php?rest_route=%2Fwp%2Fv2%2Fcomments&post=294"}],"version-history":[{"count":26,"href":"https:\/\/pergamena.hr\/index.php?rest_route=\/wp\/v2\/posts\/294\/revisions"}],"predecessor-version":[{"id":2835,"href":"https:\/\/pergamena.hr\/index.php?rest_route=\/wp\/v2\/posts\/294\/revisions\/2835"}],"wp:featuredmedia":[{"embeddable":true,"href":"https:\/\/pergamena.hr\/index.php?rest_route=\/wp\/v2\/media\/760"}],"wp:attachment":[{"href":"https:\/\/pergamena.hr\/index.php?rest_route=%2Fwp%2Fv2%2Fmedia&parent=294"}],"wp:term":[{"taxonomy":"category","embeddable":true,"href":"https:\/\/pergamena.hr\/index.php?rest_route=%2Fwp%2Fv2%2Fcategories&post=294"},{"taxonomy":"post_tag","embeddable":true,"href":"https:\/\/pergamena.hr\/index.php?rest_route=%2Fwp%2Fv2%2Ftags&post=294"}],"curies":[{"name":"wp","href":"https:\/\/api.w.org\/{rel}","templated":true}]}}