{"id":2903,"date":"2023-12-15T15:48:34","date_gmt":"2023-12-15T14:48:34","guid":{"rendered":"https:\/\/pergamena.hr\/?p=2903"},"modified":"2024-03-21T16:22:31","modified_gmt":"2024-03-21T15:22:31","slug":"marina-katinic-pleic-integrativno-misljenje-odgovor-na-trostruku-krizu-postmoderne","status":"publish","type":"post","link":"https:\/\/pergamena.hr\/?p=2903","title":{"rendered":"Marina Katini\u0107 Plei\u0107: Integrativno mi\u0161ljenje &#8211; Odgovor na trostruku krizu postmoderne"},"content":{"rendered":"<div style=\"float:right;padding: 0 0 10px 10px\" class=\"interactive_right\"><div class='button_holder_right'><iframe src=\"http:\/\/www.facebook.com\/plugins\/like.php?href=https%3A%2F%2Fpergamena.hr%2F%3Fp%3D2903&amp;layout=standard&amp;show_faces=false&amp;width=75&amp;action=recommend&amp;font=arial&amp;colorscheme=dark&amp;height=31\" scrolling=\"no\" frameborder=\"0\" style=\"border:none; overflow:hidden; width:75px; height:31px;\" allowTransparency=\"true\"><\/iframe><\/div><\/div>\n<figure class=\"wp-block-image size-full\"><a href=\"https:\/\/pergamena.hr\/proba\/wp-content\/uploads\/2024\/03\/Integrativno-misljenje_naslovna_n.jpg\"><img decoding=\"async\" loading=\"lazy\" width=\"192\" height=\"270\" src=\"https:\/\/pergamena.hr\/proba\/wp-content\/uploads\/2024\/03\/Integrativno-misljenje_naslovna_n.jpg\" alt=\"\" class=\"wp-image-2904\"\/><\/a><\/figure>\n\n\n\n<ul>\n<li>Nakladnici: <strong>Pergamena, Znanstveni centar izvrsnosti za integrativnu bioetiku<\/strong><\/li>\n\n\n\n<li>Autorica:&nbsp;<strong>Marina Katini\u0107 Plei\u0107<\/strong><\/li>\n\n\n\n<li>Godina izdanja: <strong>2023.<\/strong><\/li>\n\n\n\n<li>Uvez: <strong>tvrdi<\/strong><\/li>\n\n\n\n<li>Cijena: <strong>40 \u20ac<\/strong> \/ 301,38 kn<\/li>\n\n\n\n<li><strong><a href=\"http:\/\/pergamena.hr\/?page_id=1138\">NARU\u010cI<\/a>&nbsp;<\/strong><\/li>\n<\/ul>\n\n\n\n<blockquote class=\"wp-block-quote\">\n<p>Razdoblje (post)moderne obilje\u017eeno je vi\u0161estrukom krizom koja se osvje\u0161tava u podu\u017eem nizu misaonih artikulacija. Iako je svijesti o krizi, povezanoj s minulim \u00bbzlatnim dobom\u00ab, univerzalan topos povijesti, koji nastupa kada se god mijenjala paradigma mi\u0161ljenja (Kuhn), od \u0161ezdesetih godina 20. st. ona se intenzivno javlja kao iskustvo rapidnih promjena. Kriza pripada kako dijalektici povijesti, tako i logici mi\u0161ljenja. Krizu u vrijednosnom smislu, pritom, ne mislimo kao ne\u0161to nu\u017eno negativno, nego kao trenutak transformacije, pojavu dubokih promjena koje imaju svoje uzro\u010dno-posljedi\u010dno i logi\u010dko upori\u0161te u doga\u0111ajima, pokretima i idejama, koja poziva na mi\u0161ljenje kao lu\u010denje, odre\u0111ivanje i odlu\u010divanje. Suvremeni filozofi znanosti, sjedne strane, prepoznaju krizu kao pojavu anomalija u dotad prevladavaju\u0107oj paradigmi znanstvenoga mi\u0161ljenja i iziskivanje promjene paradigme (Kuhn), dok s druge strane, isti\u010du da je upravo opovrgljivost teorije kriterij znanstvenosti (Popper). Nadalje, u doba intenzivnoga bujanja tehnoznanosti razvitka, postavlja se pitanje je li filozofska istina uop\u0107e jo\u0161 mogu\u0107a ili potrebna (Rorty, Rosenberg, Ellis) te je li mogu\u0107e postaviti pitanje o svrsi (Komar). Doba dana\u0161nje krize pokazuje se, stoga, bitno kao kriza istine, znanja i svrhe kako tehnoznanstveno-ekonomskoga razvoja, tako i njemu zrcalnoga obrazovnog sustava, \u0161to implicira krizu eti\u010dke orijentacije. Sredi\u0161nja je svrha ovoga rada misliti krizu u njezinim trima korelacijskim vidovima \u2014 tehnoznanstveno-civilizacijskom, epistemolo\u0161kom i odgojno-obrazovnom \u2014 te poku\u0161ati primjereno odgovoriti paradigmom integrativnoga mi\u0161ljenja. Ako je filozofija, prema Hegelu, \u00bbnjezino vrijeme u mislima obuhva\u0107eno\u00ab, onda je bitna uloga filozofskoga mi\u0161ljenja misliti krizu i voditi dijalog s njom. U radu nije mogu\u0107e analizirati sva upori\u0161ta krize jer to prema\u0161uje njegov opseg, ali je nu\u017eno odrediti bitne momente i njihovu misaonu genezu, pogotovo s naglaskom na tri vida: krizu znanstveno-tehni\u010dke civilizacije, epistemolo\u0161ku krizu te krizu odgoja i obrazovanja. Temeljna je intuirana pretpostavka: to su tri Vida iste krize, povezana su i me\u0111usobno se uvjetuju i proizvode. Potrebno je spoznati ih i ra\u0161\u010dlaniti kako bi se izgradilo utemdjenje teze \u2014 da je integrativno mi\u0161ljenje primjeren odgovor na krizu. Poku\u0161at \u0107emo uobli\u010diti taj odgovor pro\u017eimaju\u0107i odgoj i obrazovanje filozofijom kao temeljnom kulturnom metodom, nadahnuti suvremenim filozofskim poku\u0161ajima, ali ne kao krajnje rje\u0161enje (\u0161to bi bilo previ\u0161e preuzetno), nego kao krizi primjerenu reakciju.<\/p>\n<cite><strong><em>(&#8230;)<\/em> Iz Uvoda <\/strong><\/cite><\/blockquote>\n<div class='shareinpost'><ul class=\"socialwrap row\"><li class=\"iconOnly share\">Preporu\u010di putem :<\/li><li class=\"iconOnly\"><a  rel='nofollow'  target='_blank'  title='Preporu\u010di knjigu : Marina Katini\u0107 Plei\u0107: Integrativno mi\u0161ljenje &#8211; Odgovor na trostruku krizu postmoderne na Facebooku'  href='http:\/\/www.facebook.com\/sharer.php?u=https%3A%2F%2Fpergamena.hr%2F%3Fp%3D2903&amp;t=Marina+Katini%C4%87+Plei%C4%87%3A+Integrativno+mi%C5%A1ljenje+%E2%80%93+Odgovor+na+trostruku+krizu+postmoderne'  ><img  src='http:\/\/pergamena.hr\/proba\/wp-content\/plugins\/share-and-follow\/images\/blank.gif'  height='16' width='16'  class='image-16' alt='facebook'  style='background: transparent url(http:\/\/pergamena.hr\/proba\/wp-content\/plugins\/share-and-follow\/default\/16\/sprite-feb-16.png) no-repeat;padding:0;margin:0;height:16px;width:16px;background-position:-204px 0px'   \/> <span class=\"head\">Preporu\u010di knjigu<\/span><\/a><\/li><li class=\"iconOnly\"><a  rel='nofollow'  target='_blank'  title='Dijeli : Marina Katini\u0107 Plei\u0107: Integrativno mi\u0161ljenje &#8211; Odgovor na trostruku krizu postmoderne na google plus'  href='https:\/\/plusone.google.com\/_\/+1\/confirm?hl=en&amp;url=https%3A%2F%2Fpergamena.hr%2F%3Fp%3D2903&amp;title=Marina+Katini%C4%87+Plei%C4%87%3A+Integrativno+mi%C5%A1ljenje+%E2%80%93+Odgovor+na+trostruku+krizu+postmoderne'  ><img  src='http:\/\/pergamena.hr\/proba\/wp-content\/plugins\/share-and-follow\/images\/blank.gif'  height='16' width='16'  class='image-16' alt='gplus'  style='background: transparent url(http:\/\/pergamena.hr\/proba\/wp-content\/plugins\/share-and-follow\/default\/16\/sprite-feb-16.png) no-repeat;padding:0;margin:0;height:16px;width:16px;background-position:-425px 0px'   \/> <span class=\"head\">Dijeli na google plus<\/span><\/a><\/li><li class=\"iconOnly\"><a  rel='nofollow'  target='_blank'  title='Dijeli : Marina Katini\u0107 Plei\u0107: Integrativno mi\u0161ljenje &#8211; Odgovor na trostruku krizu postmoderne na Linkedinu'  href='http:\/\/www.linkedin.com\/shareArticle?mini=true&amp;url=https%3A%2F%2Fpergamena.hr%2F%3Fp%3D2903&amp;title=Marina+Katini%C4%87+Plei%C4%87%3A+Integrativno+mi%C5%A1ljenje+%E2%80%93+Odgovor+na+trostruku+krizu+postmoderne&amp;summary=%0A%0A%0A%0A%0A%0ANakladnici%3A+Pergamena%2C+Znanstveni+centar+izvrsnosti+za+integrativnu+bioetiku%0A%0A%0A%0AAutorica%3A%26nbsp%3BMarina+Katini%C4%87+Plei%C4%87%0A%0A%0A%0AGodina+izdanja%3A+2023.%0A%0A%0A%0AUvez%3A+tvrdi%0A%0A%0A%0ACijena%3A+40+%E2%82%AC+%2F+301%2C38+kn%0A%0A%0A%0ANARU%C4%8CI%26nbsp%3B%0A%0A%0A%0A%0A%0ARazdoblje+%28post%29moderne+obilje%C5%BEeno+je+vi%C5%A1estrukom+krizom+koja+se+osvje%C5%A1tava+u+podu%C5%BEem+nizu+misaonih+'  ><img  src='http:\/\/pergamena.hr\/proba\/wp-content\/plugins\/share-and-follow\/images\/blank.gif'  height='16' width='16'  class='image-16' alt='linkedin'  style='background: transparent url(http:\/\/pergamena.hr\/proba\/wp-content\/plugins\/share-and-follow\/default\/16\/sprite-feb-16.png) no-repeat;padding:0;margin:0;height:16px;width:16px;background-position:-578px 0px'   \/> <span class=\"head\">Dijelite putem linkedina<\/span><\/a><\/li><li class=\"iconOnly\"><a  rel='nofollow'  target='_blank'  title='Tweetaj o ovoj knjizi : Marina Katini\u0107 Plei\u0107: Integrativno mi\u0161ljenje &#8211; Odgovor na trostruku krizu postmoderne na Twitteru'  href=\"http:\/\/twitter.com\/share?url=https%3A%2F%2Fpergamena.hr%2F%3Fp%3D2903&amp;text=Marina+Katini%C4%87+Plei%C4%87%3A+Integrativno+mi%C5%A1ljenje+%E2%80%93+Odgovor+na+trostruku+krizu+postmoderne+-+\"  ><img  src='http:\/\/pergamena.hr\/proba\/wp-content\/plugins\/share-and-follow\/images\/blank.gif'  height='16' width='16'  class='image-16' alt='twitter'  style='background: transparent url(http:\/\/pergamena.hr\/proba\/wp-content\/plugins\/share-and-follow\/default\/16\/sprite-feb-16.png) no-repeat;padding:0;margin:0;height:16px;width:16px;background-position:-1105px 0px'   \/> <span class=\"head\">Tweetajte o ovoj knjizi<\/span><\/a><\/li><li class=\"iconOnly\"><a  rel='nofollow'  target='_self'  title='Ispi\u0161i stranicu : Marina Katini\u0107 Plei\u0107: Integrativno mi\u0161ljenje &#8211; Odgovor na trostruku krizu postmoderne za kasnije \u010ditanje'  href='javascript:window.print();'  ><img  src='http:\/\/pergamena.hr\/proba\/wp-content\/plugins\/share-and-follow\/images\/blank.gif'  height='16' width='16'  class='image-16' alt='print'  style='background: transparent url(http:\/\/pergamena.hr\/proba\/wp-content\/plugins\/share-and-follow\/default\/16\/sprite-feb-16.png) no-repeat;padding:0;margin:0;height:16px;width:16px;background-position:-884px 0px'   \/> <span class=\"head\">Ispi\u0161ite stranicu<\/span><\/a><\/li><li class=\"iconOnly\"><a rel=\"_self\" href=\"mailto:?subject=pergamena.hr%20\u2502%20Izdava\u010dka%20ku\u0107a%20iz%20Zagreba%20:%20Marina%20Katini\u0107%20Plei\u0107:%20Integrativno%20mi\u0161ljenje%20&#8211;%20Odgovor%20na%20trostruku%20krizu%20postmoderne&amp;body=\u0160aljem%20Vam%20poveznicu%20preko%20internet%20stranice%20pergamena.hr%20na%20knjigu%20:%20%20%20https:\/\/pergamena.hr\/?p=2903\" title=\"Preporu\u010di knjigu prijateljima : Marina Katini\u0107 Plei\u0107: Integrativno mi\u0161ljenje &#8211; Odgovor na trostruku krizu postmoderne e-mailom\"><img src=\"http:\/\/pergamena.hr\/proba\/wp-content\/plugins\/share-and-follow\/images\/blank.gif\" height=\"16\"  width=\"16\" style=\"background: transparent url(http:\/\/pergamena.hr\/proba\/wp-content\/plugins\/share-and-follow\/default\/16\/sprite-feb-16.png) no-repeat;padding:0;margin:0;height:16px;width:16px;background-position:-187px 0px\" class=\"image-16\"  alt=\"email\" \/> <span class=\"head\">Preporu\u010dite knjigu prijateljima<\/span><\/a><\/li><\/ul><div class=\"clean\"><\/div> <\/div>","protected":false},"excerpt":{"rendered":"<p>Razdoblje (post)moderne obilje\u017eeno je vi\u0161estrukom krizom koja se osvje\u0161tava u podu\u017eem nizu misaonih artikulacija. Iako je svijesti o krizi, povezanoj s minulim \u00bbzlatnim dobom\u00ab, univerzalan topos povijesti, koji nastupa kada [&hellip;]<\/p>\n","protected":false},"author":7,"featured_media":2904,"comment_status":"closed","ping_status":"closed","sticky":false,"template":"","format":"standard","meta":[],"categories":[5,103],"tags":[4],"_links":{"self":[{"href":"https:\/\/pergamena.hr\/index.php?rest_route=\/wp\/v2\/posts\/2903"}],"collection":[{"href":"https:\/\/pergamena.hr\/index.php?rest_route=\/wp\/v2\/posts"}],"about":[{"href":"https:\/\/pergamena.hr\/index.php?rest_route=\/wp\/v2\/types\/post"}],"author":[{"embeddable":true,"href":"https:\/\/pergamena.hr\/index.php?rest_route=\/wp\/v2\/users\/7"}],"replies":[{"embeddable":true,"href":"https:\/\/pergamena.hr\/index.php?rest_route=%2Fwp%2Fv2%2Fcomments&post=2903"}],"version-history":[{"count":3,"href":"https:\/\/pergamena.hr\/index.php?rest_route=\/wp\/v2\/posts\/2903\/revisions"}],"predecessor-version":[{"id":2910,"href":"https:\/\/pergamena.hr\/index.php?rest_route=\/wp\/v2\/posts\/2903\/revisions\/2910"}],"wp:featuredmedia":[{"embeddable":true,"href":"https:\/\/pergamena.hr\/index.php?rest_route=\/wp\/v2\/media\/2904"}],"wp:attachment":[{"href":"https:\/\/pergamena.hr\/index.php?rest_route=%2Fwp%2Fv2%2Fmedia&parent=2903"}],"wp:term":[{"taxonomy":"category","embeddable":true,"href":"https:\/\/pergamena.hr\/index.php?rest_route=%2Fwp%2Fv2%2Fcategories&post=2903"},{"taxonomy":"post_tag","embeddable":true,"href":"https:\/\/pergamena.hr\/index.php?rest_route=%2Fwp%2Fv2%2Ftags&post=2903"}],"curies":[{"name":"wp","href":"https:\/\/api.w.org\/{rel}","templated":true}]}}