{"id":2544,"date":"2021-05-10T23:37:00","date_gmt":"2021-05-10T22:37:00","guid":{"rendered":"https:\/\/pergamena.hr\/?p=2544"},"modified":"2024-03-21T17:58:43","modified_gmt":"2024-03-21T16:58:43","slug":"luka-janes-ur-integrativna-bioetika-i-aporije-psihe","status":"publish","type":"post","link":"https:\/\/pergamena.hr\/?p=2544","title":{"rendered":"Luka Jane\u0161 (ur.): INTEGRATIVNA BIOETIKA I APORIJE PSIHE"},"content":{"rendered":"<div style=\"float:right;padding: 0 0 10px 10px\" class=\"interactive_right\"><div class='button_holder_right'><iframe src=\"http:\/\/www.facebook.com\/plugins\/like.php?href=https%3A%2F%2Fpergamena.hr%2F%3Fp%3D2544&amp;layout=standard&amp;show_faces=false&amp;width=75&amp;action=recommend&amp;font=arial&amp;colorscheme=dark&amp;height=31\" scrolling=\"no\" frameborder=\"0\" style=\"border:none; overflow:hidden; width:75px; height:31px;\" allowTransparency=\"true\"><\/iframe><\/div><\/div>\n<figure class=\"wp-block-image size-full\"><a href=\"https:\/\/pergamena.hr\/proba\/wp-content\/uploads\/2022\/05\/Integrativna-bioetika-i-aporije-psihe_naslovna_.jpg\"><img decoding=\"async\" loading=\"lazy\" width=\"190\" height=\"270\" src=\"https:\/\/pergamena.hr\/proba\/wp-content\/uploads\/2022\/05\/Integrativna-bioetika-i-aporije-psihe_naslovna_.jpg\" alt=\"\" class=\"wp-image-2545\"\/><\/a><\/figure>\n\n\n\n<ul>\n<li>Nakladnici: <strong>Pergamena, Fakultet filozofije i religijskih znanosti Sveu\u010dili\u0161ta u Zagrebu, Znanstveni centar izvrsnosti za integrativnu bioetiku<\/strong><\/li>\n\n\n\n<li>Urednik:&nbsp;<strong>Luka Jane\u0161<\/strong><\/li>\n\n\n\n<li>Godina izdanja: <strong>2021.<\/strong><\/li>\n\n\n\n<li>Uvez: <strong>tvrdi<\/strong><\/li>\n\n\n\n<li>Broj stranica: <strong>630<\/strong><\/li>\n\n\n\n<li>Cijena: <strong>\u20ac39,80<\/strong> \/ 300,00 kn<\/li>\n\n\n\n<li><strong><a href=\"http:\/\/pergamena.hr\/?page_id=1138\">NARU\u010cI<\/a>&nbsp;<\/strong><\/li>\n<\/ul>\n\n\n\n<blockquote class=\"wp-block-quote\">\n<p>Iako je filozofsko-bioeti\u010dka rasprava u Hrvatskoj do\u017eivjela ubrzani razvoj u posljednjih petnaestak godina te se osebujnim profiliranjem stvorio potentni koncept integrativne bioetike, u njenom se podru\u010dju istra\u017eiva\u010dke i implementacijske prakse rijetko ispitivao fenomen psihe. Psiha, u ne potpuno istozna\u010dnim varijantama jo\u0161 razumijevana kao du\u0161a ili kao um, naj\u010de\u0161\u0107e shva\u0107ena kao cjelina svjesnih i nesvjesnih sadr\u017eaja ili ukupnost osobina (in)tangibilnog sebstva, ima zna\u010dajno mjesto u povijesnom razvoju \u010dovje\u010danstva i jedno je od naj istra\u017eivanijih, ali ujedno i najslabije razumijevanih fenomena \u017eivota. Temelje znanstvenog ispitivanja psihe udarila je filozofija anti\u010dke Gr\u010dke i filozofi su psihu, kao predmet promatranja, nastavili prou\u010davati do suvremenog doba u personalnim, interpersonalnim i dru\u0161tvenim, odnosno kulturnim i politi\u010dkim kontekstima i aspektima kroz mno\u017enost znanstvenih i kulturnih perspektiva i pristupa predmetu. Sli\u010dno tome, od najranije dobi lije\u010dnici su pokazali posebno zanimanje za probleme psihe te su novostvorene grane psihijatrijskog i neurolo\u0161ko-neurokirur\u0161kog ispitivanja i lije\u010denja dobile zna\u010dajno mjesto u dru\u0161tvenoj strukturi koja je svoje nove horizonte, a time i kompleksne probleme, raskrila tehno-znanstvenim i politi\u010dko-ekonomskim razvojem u okviru procesa globalizacije.<br>Kao fenomen ispitivanja, psiha tako objedinjuje filozofiju i psihijatriju na planu bioetike, pri \u010demu, upravo zbog mnogovrsnosti pristupa i problema, od filozofskih teorija, preko psihoanalize, etnopsihijatrije, antipsihijatrije, psiholo\u0161kih teorija, pa do razli\u010ditih vrsta terapija i teorija terapija, projekt integrativne bioetike nudi priliku razvoja novih shva\u0107anja i metodolo\u0161kih preispitivanja. Tako\u0111er, s obzirom na to da projekt integrativne bioetike podrazumijeva teorijsku, prakti\u010dnu i edukacijsku dimenziju djelovanja, naime, transdisciplinamog je karaktera i te\u017ei implementaciji, prirodnim se name\u0107e podariti predmetu psihe i javne doga\u0111aje, te iz njih proiza\u0161le objavljene publikacije koje metodom dijalo\u0161kog ulan\u010davanja perspektiva otvaraju prijeko potrebne, kod nas slabo ispitivane probleme psihe i omogu\u0107uju povezivanje potencijalnih izvoditelja zajedni\u010dkih projekata koji \u0107e imati izravan utjecaj na situaciju u dru\u0161tvu.<br>U sklopu poznatog ciklusa tribina Hrvatskog bioeti\u010dkog dru\u0161tva \u00bbBioeti\u010dki utorak\u00ab, 8. o\u017eujka 2016. godine organizirana je tribina na temu \u00bbPsihofarmaci u psihijatriji: potreba ili nasilje\u00ab koju su osmislili i proveli Luka Jane\u0161, tada student Odsjeka za filozofiju Filozofskog fakulteta Sveu\u010dili\u0161ta u Zagrebu i \u010dlan Suradni\u010dkog kruga studenata Znanstvenog centra izvrsnosti za integrativnu bioetiku, te Luka Peru\u0161i\u0107, asistent na Odsjeku za filozofiju i Centru za integrativnu bioetiku Filozofskog fakulteta Sveu\u010dili\u0161ta u Zagrebu. Na tribini, odr\u017eanoj na Filozofskom fakultetu Sveu\u010dili\u0161ta u Zagrebu, gostovali su Vlado Juki\u0107, ravnatelj Klinike za psihijatriju \u00bbVrap\u010de\u00ab u Zagrebu, Martin Kuhar, istra\u017eiva\u010d na Zavodu za povijest i filozofiju znanosti Hrvatske akademije znanosti i umjetnosti u Zagrebu te Robert Torre, subspecijalist za alkoholizam i druge ovisnosti<\/p>\n<cite>Iz Predgovora<\/cite><\/blockquote>\n\n\n\n<p><\/p>\n<div class='shareinpost'><ul class=\"socialwrap row\"><li class=\"iconOnly share\">Preporu\u010di putem :<\/li><li class=\"iconOnly\"><a  rel='nofollow'  target='_blank'  title='Preporu\u010di knjigu : Luka Jane\u0161 (ur.): INTEGRATIVNA BIOETIKA I APORIJE PSIHE na Facebooku'  href='http:\/\/www.facebook.com\/sharer.php?u=https%3A%2F%2Fpergamena.hr%2F%3Fp%3D2544&amp;t=Luka+Jane%C5%A1+%28ur.%29%3A+INTEGRATIVNA+BIOETIKA+I+APORIJE+PSIHE'  ><img  src='http:\/\/pergamena.hr\/proba\/wp-content\/plugins\/share-and-follow\/images\/blank.gif'  height='16' width='16'  class='image-16' alt='facebook'  style='background: transparent url(http:\/\/pergamena.hr\/proba\/wp-content\/plugins\/share-and-follow\/default\/16\/sprite-feb-16.png) no-repeat;padding:0;margin:0;height:16px;width:16px;background-position:-204px 0px'   \/> <span class=\"head\">Preporu\u010di knjigu<\/span><\/a><\/li><li class=\"iconOnly\"><a  rel='nofollow'  target='_blank'  title='Dijeli : Luka Jane\u0161 (ur.): INTEGRATIVNA BIOETIKA I APORIJE PSIHE na google plus'  href='https:\/\/plusone.google.com\/_\/+1\/confirm?hl=en&amp;url=https%3A%2F%2Fpergamena.hr%2F%3Fp%3D2544&amp;title=Luka+Jane%C5%A1+%28ur.%29%3A+INTEGRATIVNA+BIOETIKA+I+APORIJE+PSIHE'  ><img  src='http:\/\/pergamena.hr\/proba\/wp-content\/plugins\/share-and-follow\/images\/blank.gif'  height='16' width='16'  class='image-16' alt='gplus'  style='background: transparent url(http:\/\/pergamena.hr\/proba\/wp-content\/plugins\/share-and-follow\/default\/16\/sprite-feb-16.png) no-repeat;padding:0;margin:0;height:16px;width:16px;background-position:-425px 0px'   \/> <span class=\"head\">Dijeli na google plus<\/span><\/a><\/li><li class=\"iconOnly\"><a  rel='nofollow'  target='_blank'  title='Dijeli : Luka Jane\u0161 (ur.): INTEGRATIVNA BIOETIKA I APORIJE PSIHE na Linkedinu'  href='http:\/\/www.linkedin.com\/shareArticle?mini=true&amp;url=https%3A%2F%2Fpergamena.hr%2F%3Fp%3D2544&amp;title=Luka+Jane%C5%A1+%28ur.%29%3A+INTEGRATIVNA+BIOETIKA+I+APORIJE+PSIHE&amp;summary=%0A%0A%0A%0A%0A%0ANakladnici%3A+Pergamena%2C+Fakultet+filozofije+i+religijskih+znanosti+Sveu%C4%8Dili%C5%A1ta+u+Zagrebu%2C+Znanstveni+centar+izvrsnosti+za+integrativnu+bioetiku%0A%0A%0A%0AUrednik%3A%26nbsp%3BLuka+Jane%C5%A1%0A%0A%0A%0AGodina+izdanja%3A+2021.%0A%0A%0A%0AUvez%3A+tvrdi%0A%0A%0A%0ABroj+stranica%3A+630%0A%0A%0A%0ACijena%3A+%E2%82%AC39%2C80+%2F+300%2C00+kn%0A%0A%0A%0ANARU%C4%8CI%26nbsp%3B%0A%0A%0A%0A%0A%0AIako+je+filozofsko-bioet'  ><img  src='http:\/\/pergamena.hr\/proba\/wp-content\/plugins\/share-and-follow\/images\/blank.gif'  height='16' width='16'  class='image-16' alt='linkedin'  style='background: transparent url(http:\/\/pergamena.hr\/proba\/wp-content\/plugins\/share-and-follow\/default\/16\/sprite-feb-16.png) no-repeat;padding:0;margin:0;height:16px;width:16px;background-position:-578px 0px'   \/> <span class=\"head\">Dijelite putem linkedina<\/span><\/a><\/li><li class=\"iconOnly\"><a  rel='nofollow'  target='_blank'  title='Tweetaj o ovoj knjizi : Luka Jane\u0161 (ur.): INTEGRATIVNA BIOETIKA I APORIJE PSIHE na Twitteru'  href=\"http:\/\/twitter.com\/share?url=https%3A%2F%2Fpergamena.hr%2F%3Fp%3D2544&amp;text=Luka+Jane%C5%A1+%28ur.%29%3A+INTEGRATIVNA+BIOETIKA+I+APORIJE+PSIHE+-+\"  ><img  src='http:\/\/pergamena.hr\/proba\/wp-content\/plugins\/share-and-follow\/images\/blank.gif'  height='16' width='16'  class='image-16' alt='twitter'  style='background: transparent url(http:\/\/pergamena.hr\/proba\/wp-content\/plugins\/share-and-follow\/default\/16\/sprite-feb-16.png) no-repeat;padding:0;margin:0;height:16px;width:16px;background-position:-1105px 0px'   \/> <span class=\"head\">Tweetajte o ovoj knjizi<\/span><\/a><\/li><li class=\"iconOnly\"><a  rel='nofollow'  target='_self'  title='Ispi\u0161i stranicu : Luka Jane\u0161 (ur.): INTEGRATIVNA BIOETIKA I APORIJE PSIHE za kasnije \u010ditanje'  href='javascript:window.print();'  ><img  src='http:\/\/pergamena.hr\/proba\/wp-content\/plugins\/share-and-follow\/images\/blank.gif'  height='16' width='16'  class='image-16' alt='print'  style='background: transparent url(http:\/\/pergamena.hr\/proba\/wp-content\/plugins\/share-and-follow\/default\/16\/sprite-feb-16.png) no-repeat;padding:0;margin:0;height:16px;width:16px;background-position:-884px 0px'   \/> <span class=\"head\">Ispi\u0161ite stranicu<\/span><\/a><\/li><li class=\"iconOnly\"><a rel=\"_self\" href=\"mailto:?subject=pergamena.hr%20\u2502%20Izdava\u010dka%20ku\u0107a%20iz%20Zagreba%20:%20Luka%20Jane\u0161%20(ur.):%20INTEGRATIVNA%20BIOETIKA%20I%20APORIJE%20PSIHE&amp;body=\u0160aljem%20Vam%20poveznicu%20preko%20internet%20stranice%20pergamena.hr%20na%20knjigu%20:%20%20%20https:\/\/pergamena.hr\/?p=2544\" title=\"Preporu\u010di knjigu prijateljima : Luka Jane\u0161 (ur.): INTEGRATIVNA BIOETIKA I APORIJE PSIHE e-mailom\"><img src=\"http:\/\/pergamena.hr\/proba\/wp-content\/plugins\/share-and-follow\/images\/blank.gif\" height=\"16\"  width=\"16\" style=\"background: transparent url(http:\/\/pergamena.hr\/proba\/wp-content\/plugins\/share-and-follow\/default\/16\/sprite-feb-16.png) no-repeat;padding:0;margin:0;height:16px;width:16px;background-position:-187px 0px\" class=\"image-16\"  alt=\"email\" \/> <span class=\"head\">Preporu\u010dite knjigu prijateljima<\/span><\/a><\/li><\/ul><div class=\"clean\"><\/div> <\/div>","protected":false},"excerpt":{"rendered":"<p>Iako je filozofsko-bioeti\u010dka rasprava u Hrvatskoj do\u017eivjela ubrzani razvoj u posljednjih petnaestak godina te se osebujnim profiliranjem stvorio potentni koncept integrativne bioetike, u njenom se podru\u010dju istra\u017eiva\u010dke i implementacijske prakse [&hellip;]<\/p>\n","protected":false},"author":1,"featured_media":2545,"comment_status":"closed","ping_status":"closed","sticky":false,"template":"","format":"standard","meta":[],"categories":[5],"tags":[],"_links":{"self":[{"href":"https:\/\/pergamena.hr\/index.php?rest_route=\/wp\/v2\/posts\/2544"}],"collection":[{"href":"https:\/\/pergamena.hr\/index.php?rest_route=\/wp\/v2\/posts"}],"about":[{"href":"https:\/\/pergamena.hr\/index.php?rest_route=\/wp\/v2\/types\/post"}],"author":[{"embeddable":true,"href":"https:\/\/pergamena.hr\/index.php?rest_route=\/wp\/v2\/users\/1"}],"replies":[{"embeddable":true,"href":"https:\/\/pergamena.hr\/index.php?rest_route=%2Fwp%2Fv2%2Fcomments&post=2544"}],"version-history":[{"count":5,"href":"https:\/\/pergamena.hr\/index.php?rest_route=\/wp\/v2\/posts\/2544\/revisions"}],"predecessor-version":[{"id":2777,"href":"https:\/\/pergamena.hr\/index.php?rest_route=\/wp\/v2\/posts\/2544\/revisions\/2777"}],"wp:featuredmedia":[{"embeddable":true,"href":"https:\/\/pergamena.hr\/index.php?rest_route=\/wp\/v2\/media\/2545"}],"wp:attachment":[{"href":"https:\/\/pergamena.hr\/index.php?rest_route=%2Fwp%2Fv2%2Fmedia&parent=2544"}],"wp:term":[{"taxonomy":"category","embeddable":true,"href":"https:\/\/pergamena.hr\/index.php?rest_route=%2Fwp%2Fv2%2Fcategories&post=2544"},{"taxonomy":"post_tag","embeddable":true,"href":"https:\/\/pergamena.hr\/index.php?rest_route=%2Fwp%2Fv2%2Ftags&post=2544"}],"curies":[{"name":"wp","href":"https:\/\/api.w.org\/{rel}","templated":true}]}}