{"id":185,"date":"2010-08-26T17:33:43","date_gmt":"2010-08-26T16:33:43","guid":{"rendered":"http:\/\/pergamena.hr\/proba\/?p=185"},"modified":"2023-01-29T21:10:08","modified_gmt":"2023-01-29T20:10:08","slug":"medicina-i-bioetika","status":"publish","type":"post","link":"https:\/\/pergamena.hr\/?p=185","title":{"rendered":"Medicina i bioetika"},"content":{"rendered":"<div style=\"float:right;padding: 0 0 10px 10px\" class=\"interactive_right\"><div class='button_holder_right'><iframe src=\"http:\/\/www.facebook.com\/plugins\/like.php?href=https%3A%2F%2Fpergamena.hr%2F%3Fp%3D185&amp;layout=standard&amp;show_faces=false&amp;width=75&amp;action=recommend&amp;font=arial&amp;colorscheme=dark&amp;height=31\" scrolling=\"no\" frameborder=\"0\" style=\"border:none; overflow:hidden; width:75px; height:31px;\" allowTransparency=\"true\"><\/iframe><\/div><\/div><p class=\"alignleft size-full wp-image-186\" title=\"Medicina i bioetika - naslovna\"><a href=\"http:\/\/pergamena.hr\/proba\/wp-content\/uploads\/2010\/08\/Medicina-i-bioetika-naslovna.jpg\"><img decoding=\"async\" loading=\"lazy\" class=\"alignleft size-full wp-image-655\" title=\"Medicina i bioetika - naslovna\" src=\"http:\/\/pergamena.hr\/proba\/wp-content\/uploads\/2010\/08\/Medicina-i-bioetika-naslovna.jpg\" alt=\"\" width=\"197\" height=\"270\" srcset=\"https:\/\/pergamena.hr\/proba\/wp-content\/uploads\/2010\/08\/Medicina-i-bioetika-naslovna.jpg 197w, https:\/\/pergamena.hr\/proba\/wp-content\/uploads\/2010\/08\/Medicina-i-bioetika-naslovna-184x252.jpg 184w, https:\/\/pergamena.hr\/proba\/wp-content\/uploads\/2010\/08\/Medicina-i-bioetika-naslovna-130x178.jpg 130w, https:\/\/pergamena.hr\/proba\/wp-content\/uploads\/2010\/08\/Medicina-i-bioetika-naslovna-61x83.jpg 61w, https:\/\/pergamena.hr\/proba\/wp-content\/uploads\/2010\/08\/Medicina-i-bioetika-naslovna-45x61.jpg 45w, https:\/\/pergamena.hr\/proba\/wp-content\/uploads\/2010\/08\/Medicina-i-bioetika-naslovna-109x149.jpg 109w\" sizes=\"(max-width: 197px) 100vw, 197px\" \/><\/a><\/p>\n<p>\u2022 \u00a0Autorica: <strong>Aleksandra Frkovi\u0107<\/strong><br \/>\n\u2022\u00a0 Godina izdanja: <strong>2010.\u00a0 <\/strong><br \/>\n\u2022\u00a0 Uvez: <strong>tvrdi\u00a0 <\/strong><br \/>\n\u2022 \u00a0Dimenzije: <strong>22.5 x 16.5 cm<\/strong><br \/>\n\u2022 \u00a0Broj stranica: <strong>212<\/strong><br \/>\n\u2022 \u00a0Cijena: <strong>\u20ac19,90 <\/strong>\/ 150,00 kn<\/p>\n<p><strong><strong>\u2022\u00a0\u00a0<a title=\"NARUD\u017dBA\" href=\"http:\/\/pergamena.hr\/?page_id=1138\">NARU\u010cI<\/a><strong> <strong>\u00a0\u2022<\/strong><\/strong><\/strong><br \/>\n<\/strong><\/p>\n<blockquote>\n<p style=\"text-align: justify;\">Od shva\u0107anja bioetike kao profesionalne etike u medicini, bioetike i ekologije, bioetike kao ljubavi prema \u017eivotu, globalne bioetike, do integrativne bioetike, rije\u010d &#8216;bioetika&#8217; poprimala je razli\u010dita zna\u010denja. Veliki napredak znanosti i nove spoznaje u tehnologiji te njihova primjena u medicini izazvale su brojne eti\u010dke dileme od ro\u0111enja do smrti. Uvidjelo se da stvaranje pravila u odnosu izme\u0111u lije\u010dnika i pacijenta ne mo\u017ee biti isklju\u010divo u nadle\u017enosti medicine. Pri dono\u0161enju odluka eti\u010dke naravi sudjeluju stru\u010dnjaci iz razli\u010ditih podru\u010dja (pravnici, filozofi, teolozi, psiholozi, socijalni radnici itd). Promjene koje se zbivaju u medicini dovode u pitanje odre\u0111ene osnovne pojmove. Tako bioetika danas, u odnosu na njezine po\u010detke, nije i ne mo\u017ee biti ista.<br \/>\nIzrazite promjene u pru\u017eanju sustava zdravstvene skrbi zapo\u010dele su kra\u00adjem pro\u0161log stolje\u0107a. Pove\u0107ani broj kroni\u010dnih i zaraznih bolesti, produljeno trajanje \u017eivota, porast ukupnog broja stanovni\u0161tva, primjena sofisticirane teh\u00adnologije pridonijeli su slo\u017eenosti uvjeta u kojima se odvija zdravstvena skrb. Funkcioniranje zdravstvene skrbi po\u010diva na eti\u010dkim na\u010delima, zakonskim propisima, ali i na ekonomskim vrijednostima, \u0161to posebno stavlja naglasak na pravednost. Jedan od primarnih interesa pacijenata je \u0161to sigurnija zdrav\u00adstvena skrb.<br \/>\nOd brojnih bioeti\u010dkih dilema koje se razmatraju po pitanju kvalitete \u017eivo\u00adta, posebno se isti\u010du pitanja vezana uz novoro\u0111ena\u010dku dob i na kraju \u017eivota. U ovom tekstu se govori o prehrani maj\u010dinim mlijekom kao jednim od pred\u00aduvjeta za kasniji kvalitetni \u017eivot. O kvaliteti \u017eivota govori se i kod te\u0161ko bo\u00adlesnih i umiru\u0107ih osoba i to povezano s distanazijom i eutanazijom. Dileme o kvaliteti \u017eivota posebno se aktualiziraju kada treba donijeti odluku o uskra\u00ad\u0107ivanju ili odustajanju od \u017eivotno va\u017enih medicinskih postupaka, kod trajno vegetiraju\u0107ih stanja te kod dono\u0161enja odluka na kraju \u017eivota kompetentnih ili nekompetentnih osoba.<br \/>\nU radu svakog lije\u010dnika jedno od najva\u017enijih pitanja je kako rije\u0161iti pita\u00adnje boli. U ve\u0107ini slu\u010dajeva kada pacijent tra\u017ei pomo\u0107, osobito hitnu pomo\u0107, razlog je bol. Usprkos svih nastojanja, lije\u010dnik nije uvijek u stanju rije\u0161iti pitanje boli kod svoga pacijenta.\u00a0 <strong>(Iz sa\u017eetka)<\/strong><\/p>\n<\/blockquote>\n<div class='shareinpost'><ul class=\"socialwrap row\"><li class=\"iconOnly share\">Preporu\u010di putem :<\/li><li class=\"iconOnly\"><a  rel='nofollow'  target='_blank'  title='Preporu\u010di knjigu : Medicina i bioetika na Facebooku'  href='http:\/\/www.facebook.com\/sharer.php?u=https%3A%2F%2Fpergamena.hr%2F%3Fp%3D185&amp;t=Medicina+i+bioetika'  ><img  src='http:\/\/pergamena.hr\/proba\/wp-content\/plugins\/share-and-follow\/images\/blank.gif'  height='16' width='16'  class='image-16' alt='facebook'  style='background: transparent url(http:\/\/pergamena.hr\/proba\/wp-content\/plugins\/share-and-follow\/default\/16\/sprite-feb-16.png) no-repeat;padding:0;margin:0;height:16px;width:16px;background-position:-204px 0px'   \/> <span class=\"head\">Preporu\u010di knjigu<\/span><\/a><\/li><li class=\"iconOnly\"><a  rel='nofollow'  target='_blank'  title='Dijeli : Medicina i bioetika na google plus'  href='https:\/\/plusone.google.com\/_\/+1\/confirm?hl=en&amp;url=https%3A%2F%2Fpergamena.hr%2F%3Fp%3D185&amp;title=Medicina+i+bioetika'  ><img  src='http:\/\/pergamena.hr\/proba\/wp-content\/plugins\/share-and-follow\/images\/blank.gif'  height='16' width='16'  class='image-16' alt='gplus'  style='background: transparent url(http:\/\/pergamena.hr\/proba\/wp-content\/plugins\/share-and-follow\/default\/16\/sprite-feb-16.png) no-repeat;padding:0;margin:0;height:16px;width:16px;background-position:-425px 0px'   \/> <span class=\"head\">Dijeli na google plus<\/span><\/a><\/li><li class=\"iconOnly\"><a  rel='nofollow'  target='_blank'  title='Dijeli : Medicina i bioetika na Linkedinu'  href='http:\/\/www.linkedin.com\/shareArticle?mini=true&amp;url=https%3A%2F%2Fpergamena.hr%2F%3Fp%3D185&amp;title=Medicina+i+bioetika&amp;summary=%0A%0A%0A%E2%80%A2+%C2%A0Autorica%3A+Aleksandra+Frkovi%C4%87%0A%E2%80%A2%C2%A0+Godina+izdanja%3A+2010.%C2%A0+%0A%E2%80%A2%C2%A0+Uvez%3A+tvrdi%C2%A0+%0A%E2%80%A2+%C2%A0Dimenzije%3A+22.5+x+16.5+cm%0A%E2%80%A2+%C2%A0Broj+stranica%3A+212%0A%E2%80%A2+%C2%A0Cijena%3A+%E2%82%AC19%2C90+%2F+150%2C00+kn%0A%0A%E2%80%A2%C2%A0%C2%A0NARU%C4%8CI+%C2%A0%E2%80%A2%0A%0A%0AOd+shva%C4%87anja+bioetike+kao+profesionalne+etike+u+medicini%2C+bioetike+i+ekologije%2C+bioetike+kao+ljubavi+prema+%C5%BEivo'  ><img  src='http:\/\/pergamena.hr\/proba\/wp-content\/plugins\/share-and-follow\/images\/blank.gif'  height='16' width='16'  class='image-16' alt='linkedin'  style='background: transparent url(http:\/\/pergamena.hr\/proba\/wp-content\/plugins\/share-and-follow\/default\/16\/sprite-feb-16.png) no-repeat;padding:0;margin:0;height:16px;width:16px;background-position:-578px 0px'   \/> <span class=\"head\">Dijelite putem linkedina<\/span><\/a><\/li><li class=\"iconOnly\"><a  rel='nofollow'  target='_blank'  title='Tweetaj o ovoj knjizi : Medicina i bioetika na Twitteru'  href=\"http:\/\/twitter.com\/share?url=https%3A%2F%2Fpergamena.hr%2F%3Fp%3D185&amp;text=Medicina+i+bioetika+-+\"  ><img  src='http:\/\/pergamena.hr\/proba\/wp-content\/plugins\/share-and-follow\/images\/blank.gif'  height='16' width='16'  class='image-16' alt='twitter'  style='background: transparent url(http:\/\/pergamena.hr\/proba\/wp-content\/plugins\/share-and-follow\/default\/16\/sprite-feb-16.png) no-repeat;padding:0;margin:0;height:16px;width:16px;background-position:-1105px 0px'   \/> <span class=\"head\">Tweetajte o ovoj knjizi<\/span><\/a><\/li><li class=\"iconOnly\"><a  rel='nofollow'  target='_self'  title='Ispi\u0161i stranicu : Medicina i bioetika za kasnije \u010ditanje'  href='javascript:window.print();'  ><img  src='http:\/\/pergamena.hr\/proba\/wp-content\/plugins\/share-and-follow\/images\/blank.gif'  height='16' width='16'  class='image-16' alt='print'  style='background: transparent url(http:\/\/pergamena.hr\/proba\/wp-content\/plugins\/share-and-follow\/default\/16\/sprite-feb-16.png) no-repeat;padding:0;margin:0;height:16px;width:16px;background-position:-884px 0px'   \/> <span class=\"head\">Ispi\u0161ite stranicu<\/span><\/a><\/li><li class=\"iconOnly\"><a rel=\"_self\" href=\"mailto:?subject=pergamena.hr%20\u2502%20Izdava\u010dka%20ku\u0107a%20iz%20Zagreba%20:%20Medicina%20i%20bioetika&amp;body=\u0160aljem%20Vam%20poveznicu%20preko%20internet%20stranice%20pergamena.hr%20na%20knjigu%20:%20%20%20https:\/\/pergamena.hr\/?p=185\" title=\"Preporu\u010di knjigu prijateljima : Medicina i bioetika e-mailom\"><img src=\"http:\/\/pergamena.hr\/proba\/wp-content\/plugins\/share-and-follow\/images\/blank.gif\" height=\"16\"  width=\"16\" style=\"background: transparent url(http:\/\/pergamena.hr\/proba\/wp-content\/plugins\/share-and-follow\/default\/16\/sprite-feb-16.png) no-repeat;padding:0;margin:0;height:16px;width:16px;background-position:-187px 0px\" class=\"image-16\"  alt=\"email\" \/> <span class=\"head\">Preporu\u010dite knjigu prijateljima<\/span><\/a><\/li><\/ul><div class=\"clean\"><\/div> <\/div>","protected":false},"excerpt":{"rendered":"<p>\u2022 \u00a0Autorica: Aleksandra Frkovi\u0107 \u2022\u00a0 Godina izdanja: 2010.\u00a0 \u2022\u00a0 Uvez: tvrdi\u00a0 \u2022 \u00a0Dimenzije: 22.5 x 16.5 cm \u2022 \u00a0Broj stranica: 212 \u2022 \u00a0Cijena: \u20ac19,90 \/ 150,00 kn \u2022\u00a0\u00a0NARU\u010cI \u00a0\u2022 Od [&hellip;]<\/p>\n","protected":false},"author":1,"featured_media":655,"comment_status":"closed","ping_status":"open","sticky":false,"template":"","format":"standard","meta":[],"categories":[5,31],"tags":[],"_links":{"self":[{"href":"https:\/\/pergamena.hr\/index.php?rest_route=\/wp\/v2\/posts\/185"}],"collection":[{"href":"https:\/\/pergamena.hr\/index.php?rest_route=\/wp\/v2\/posts"}],"about":[{"href":"https:\/\/pergamena.hr\/index.php?rest_route=\/wp\/v2\/types\/post"}],"author":[{"embeddable":true,"href":"https:\/\/pergamena.hr\/index.php?rest_route=\/wp\/v2\/users\/1"}],"replies":[{"embeddable":true,"href":"https:\/\/pergamena.hr\/index.php?rest_route=%2Fwp%2Fv2%2Fcomments&post=185"}],"version-history":[{"count":21,"href":"https:\/\/pergamena.hr\/index.php?rest_route=\/wp\/v2\/posts\/185\/revisions"}],"predecessor-version":[{"id":2811,"href":"https:\/\/pergamena.hr\/index.php?rest_route=\/wp\/v2\/posts\/185\/revisions\/2811"}],"wp:featuredmedia":[{"embeddable":true,"href":"https:\/\/pergamena.hr\/index.php?rest_route=\/wp\/v2\/media\/655"}],"wp:attachment":[{"href":"https:\/\/pergamena.hr\/index.php?rest_route=%2Fwp%2Fv2%2Fmedia&parent=185"}],"wp:term":[{"taxonomy":"category","embeddable":true,"href":"https:\/\/pergamena.hr\/index.php?rest_route=%2Fwp%2Fv2%2Fcategories&post=185"},{"taxonomy":"post_tag","embeddable":true,"href":"https:\/\/pergamena.hr\/index.php?rest_route=%2Fwp%2Fv2%2Ftags&post=185"}],"curies":[{"name":"wp","href":"https:\/\/api.w.org\/{rel}","templated":true}]}}