{"id":1834,"date":"2001-02-25T18:54:46","date_gmt":"2001-02-25T17:54:46","guid":{"rendered":"http:\/\/pergamena.hr\/?p=1834"},"modified":"2023-01-29T21:15:39","modified_gmt":"2023-01-29T20:15:39","slug":"ivan-franjo-jukic-2","status":"publish","type":"post","link":"https:\/\/pergamena.hr\/?p=1834","title":{"rendered":"Ivan Franjo Juki\u0107 (njema\u010dki)"},"content":{"rendered":"<div style=\"float:right;padding: 0 0 10px 10px\" class=\"interactive_right\"><div class='button_holder_right'><iframe src=\"http:\/\/www.facebook.com\/plugins\/like.php?href=https%3A%2F%2Fpergamena.hr%2F%3Fp%3D1834&amp;layout=standard&amp;show_faces=false&amp;width=75&amp;action=recommend&amp;font=arial&amp;colorscheme=dark&amp;height=31\" scrolling=\"no\" frameborder=\"0\" style=\"border:none; overflow:hidden; width:75px; height:31px;\" allowTransparency=\"true\"><\/iframe><\/div><\/div><p><a href=\"http:\/\/pergamena.hr\/proba\/wp-content\/uploads\/2012\/02\/ivan-franjo-jukic-njem-naslovna.jpg\"><img decoding=\"async\" loading=\"lazy\" class=\"alignleft size-full wp-image-1835\" title=\"ivan-franjo-jukic-njem-naslovna\" src=\"http:\/\/pergamena.hr\/proba\/wp-content\/uploads\/2012\/02\/ivan-franjo-jukic-njem-naslovna.jpg\" alt=\"\" width=\"190\" height=\"270\" \/><\/a><\/p>\n<p>\u2022 \u00a0Autor: <strong>Marko Lukenda<\/strong><br \/>\n\u2022 \u00a0Godina izdanja:\u00a0<strong>2001. \u00a0<\/strong><br \/>\n\u2022 \u00a0Jezik: <strong>njema\u010dki \u00a0<\/strong><br \/>\n\u2022 \u00a0Uvez:\u00a0<strong>tvrdi \u00a0<\/strong><br \/>\n\u2022\u00a0 Dimenzije:<strong> 22.5 x 16.3 cm \u00a0<\/strong><br \/>\n\u2022\u00a0 Broj stranica: <strong>157<\/strong><br \/>\n\u2022 \u00a0Cijena: <strong>\u20ac15,90<\/strong> \/ 120,00 kn<\/p>\n<p><strong>\u2022 \u00a0<a title=\"NARUD\u017dBA\" href=\"http:\/\/pergamena.hr\/?page_id=1138\">NARU\u010cI<\/a><strong> <strong>\u00a0\u2022<\/strong><\/strong><\/strong><\/p>\n<blockquote>\n<p style=\"text-align: justify;\" align=\"center\"><strong><em>VORWORT<\/em><\/strong><\/p>\n<p style=\"text-align: justify;\">Bei einer R\u00fcckschau auf die Literatur vergangener Zeiten wird deutlich, da\u03b2 jedes Jahrhundert von einigen gro\u03b2en Talenten gepr\u00e4gt wurde. Gegenstand ihrer Dichtung sind Probleme des menschlichen Lebens, seine Aufgaben, Leistungen, aber auch seine Konflikte. Die Zeit, in der die Geschehnisse abrollen, verleiht diesen Werken der Literatur ein bestimmtes Kolorit. So bietet also die Dichtung neben der Gestaltung von Charakteren und Schicksalen und dem daraus erwachsenden Verhalten der Menschen zugleich einen Spiegel der Zeit, in der das Werk konzipiert wurde. Der Dichter mag das Geschehen in eine l\u00e4ngst vergangene Epoche verlegen, in der Gestaltung seiner Arbeit bleibt er doch in einem gewi\u03b2en Ma\u03b2e seiner Zeit verhaftet. Aber je gro\u03b2er seine Begabung, umso weniger zeitgebunden wird seine Aussage empfunden. Die gro\u03b2en Schriftsteller vergangener Epochen legen Vergleiche mit den Literaturen anderer L\u00e4nder nahe, sie reichen uber ihr eigenes Volk hinaus.<\/p>\n<p style=\"text-align: justify;\">Daneben gibt es aber auch echte literarische Talente, deren Begabung sich nur auf einem engeren Bereich auswirkt. Sie empfangen Anregungen zu ihrem Schaffen aus den Ereignissen ihrer Zeit, aus dem politischen Geschehen, aus der wirtschaftlichen Lage ihrer Landsleute und Zeitgenossen, aus deren Charakter und Lebensgestaltung. Der Umfang ihres literarischen Schaffens ist enger als der ihrer gro\u03b2en Zeitgenossen oder Vorl\u00e4ufer, aber das Spiegelbild, das ihr Werk zur\u00fcckwirft, ist nicht weniger reizvoll und aufschlu\u03b2reich als das der gro\u03b2en Geslalter von Geschehen und Menschenschicksalen vergangener und gegenw\u00e4rtiger Epochen.<\/p>\n<p style=\"text-align: justify;\">Ivan Franjo Jukic gehort zu dieser zweiten, bescheideneren Art von Schriftstellern. Er besitzt eine scharfe Beobachtungsgabe und die F\u00e4higkeit, Geschautes und Erlebtes in fesselnder Form wiederzugeben. Bezeichnend ist fur ihn, da\u03b2 er seine Begabung nicht nur ihrer selbst willen pflegt, sondern da\u03b2 er sie in den Dienst einer bestimmten Aufgabe stellt. Nur seinem Land und dessen Menschen will er dienen. Das ist ein gro\u03b2er Auftrag, seine Landsleu\u00adte aus zweifacher Knechtschaft zu befreien, n\u00e4mlich vom Joche des Feindes und der Rechtlosigkeit, die aus der Unwissenheit erwachst. Zu diesem Zweck greift Juki\u0107 zur Feder. Seine selbstgestellte Aufgabe verlangt \u00e4u\u03b2ersten Einsatz von ihm, er gleicht einer Flamme, die zur Erhellung der Nacht, in der sei\u00adne Volksgenossen leben gl\u00fcht. Die Echtheit von Juki\u0107s Vaterlandsliebe offenbart sich in seinem Schrifttum. Ein Patriot beschw\u00f6rt die Zeitgenossen, nicht nur die Freiheit vom Feinde. sondern auch die Befreiung von Unwissenheit zu erstreben. Ein Idealist ist hier am Werk, der seinen Auftrag trotz Krankheit und Entbehrung bis zum letzten Atemzug erf\u00fcllt. Das literarische Schaffen dieses kroatischen Ordensmannes des 19. Jahrhunderts soll Gegenstand dieser wissenschaftlichen Untersuchung sein. Weil wir wissen, da\u03b2 nicht nur eine besondere Begabung f\u00fcr die dichterische Gestaltung eigener Gedanken und Erfahrungen Voraussetzung der zu beurteilenden Leistung ist, sondern dass auch andere Faktoren wie z. B. Herkunft, Bildungsgang, Zeitereignisse mit am Werk waren, m\u00f6chte ich meiner Arbeit \u00fcber die literarische Hinterlassen-schaft des Franziskanerm\u00f6nches Ivan Franjo Juki\u0107 die Darstellung seiner Biographie vorausschicken. Sie m\u00f6ge Auskimft gcben liber die Richtung, in die seine literarische Begabung schicksalhaft gedr\u00e4ngt wurde.<\/p>\n<\/blockquote>\n<div class='shareinpost'><ul class=\"socialwrap row\"><li class=\"iconOnly share\">Preporu\u010di putem :<\/li><li class=\"iconOnly\"><a  rel='nofollow'  target='_blank'  title='Preporu\u010di knjigu : Ivan Franjo Juki\u0107 (njema\u010dki) na Facebooku'  href='http:\/\/www.facebook.com\/sharer.php?u=https%3A%2F%2Fpergamena.hr%2F%3Fp%3D1834&amp;t=Ivan+Franjo+Juki%C4%87+%28njema%C4%8Dki%29'  ><img  src='http:\/\/pergamena.hr\/proba\/wp-content\/plugins\/share-and-follow\/images\/blank.gif'  height='16' width='16'  class='image-16' alt='facebook'  style='background: transparent url(http:\/\/pergamena.hr\/proba\/wp-content\/plugins\/share-and-follow\/default\/16\/sprite-feb-16.png) no-repeat;padding:0;margin:0;height:16px;width:16px;background-position:-204px 0px'   \/> <span class=\"head\">Preporu\u010di knjigu<\/span><\/a><\/li><li class=\"iconOnly\"><a  rel='nofollow'  target='_blank'  title='Dijeli : Ivan Franjo Juki\u0107 (njema\u010dki) na google plus'  href='https:\/\/plusone.google.com\/_\/+1\/confirm?hl=en&amp;url=https%3A%2F%2Fpergamena.hr%2F%3Fp%3D1834&amp;title=Ivan+Franjo+Juki%C4%87+%28njema%C4%8Dki%29'  ><img  src='http:\/\/pergamena.hr\/proba\/wp-content\/plugins\/share-and-follow\/images\/blank.gif'  height='16' width='16'  class='image-16' alt='gplus'  style='background: transparent url(http:\/\/pergamena.hr\/proba\/wp-content\/plugins\/share-and-follow\/default\/16\/sprite-feb-16.png) no-repeat;padding:0;margin:0;height:16px;width:16px;background-position:-425px 0px'   \/> <span class=\"head\">Dijeli na google plus<\/span><\/a><\/li><li class=\"iconOnly\"><a  rel='nofollow'  target='_blank'  title='Dijeli : Ivan Franjo Juki\u0107 (njema\u010dki) na Linkedinu'  href='http:\/\/www.linkedin.com\/shareArticle?mini=true&amp;url=https%3A%2F%2Fpergamena.hr%2F%3Fp%3D1834&amp;title=Ivan+Franjo+Juki%C4%87+%28njema%C4%8Dki%29&amp;summary=%0A%0A%E2%80%A2+%C2%A0Autor%3A+Marko+Lukenda%0A%E2%80%A2+%C2%A0Godina+izdanja%3A%C2%A02001.+%C2%A0%0A%E2%80%A2+%C2%A0Jezik%3A+njema%C4%8Dki+%C2%A0%0A%E2%80%A2+%C2%A0Uvez%3A%C2%A0tvrdi+%C2%A0%0A%E2%80%A2%C2%A0+Dimenzije%3A+22.5+x+16.3+cm+%C2%A0%0A%E2%80%A2%C2%A0+Broj+stranica%3A+157%0A%E2%80%A2+%C2%A0Cijena%3A+%E2%82%AC15%2C90+%2F+120%2C00+kn%0A%0A%E2%80%A2+%C2%A0NARU%C4%8CI+%C2%A0%E2%80%A2%0A%0AVORWORT%0ABei+einer+R%C3%BCckschau+auf+die+Literatur+vergangener+Zeiten+wird+deutlich%2C+da%CE%B2+jedes+Ja'  ><img  src='http:\/\/pergamena.hr\/proba\/wp-content\/plugins\/share-and-follow\/images\/blank.gif'  height='16' width='16'  class='image-16' alt='linkedin'  style='background: transparent url(http:\/\/pergamena.hr\/proba\/wp-content\/plugins\/share-and-follow\/default\/16\/sprite-feb-16.png) no-repeat;padding:0;margin:0;height:16px;width:16px;background-position:-578px 0px'   \/> <span class=\"head\">Dijelite putem linkedina<\/span><\/a><\/li><li class=\"iconOnly\"><a  rel='nofollow'  target='_blank'  title='Tweetaj o ovoj knjizi : Ivan Franjo Juki\u0107 (njema\u010dki) na Twitteru'  href=\"http:\/\/twitter.com\/share?url=https%3A%2F%2Fpergamena.hr%2F%3Fp%3D1834&amp;text=Ivan+Franjo+Juki%C4%87+%28njema%C4%8Dki%29+-+\"  ><img  src='http:\/\/pergamena.hr\/proba\/wp-content\/plugins\/share-and-follow\/images\/blank.gif'  height='16' width='16'  class='image-16' alt='twitter'  style='background: transparent url(http:\/\/pergamena.hr\/proba\/wp-content\/plugins\/share-and-follow\/default\/16\/sprite-feb-16.png) no-repeat;padding:0;margin:0;height:16px;width:16px;background-position:-1105px 0px'   \/> <span class=\"head\">Tweetajte o ovoj knjizi<\/span><\/a><\/li><li class=\"iconOnly\"><a  rel='nofollow'  target='_self'  title='Ispi\u0161i stranicu : Ivan Franjo Juki\u0107 (njema\u010dki) za kasnije \u010ditanje'  href='javascript:window.print();'  ><img  src='http:\/\/pergamena.hr\/proba\/wp-content\/plugins\/share-and-follow\/images\/blank.gif'  height='16' width='16'  class='image-16' alt='print'  style='background: transparent url(http:\/\/pergamena.hr\/proba\/wp-content\/plugins\/share-and-follow\/default\/16\/sprite-feb-16.png) no-repeat;padding:0;margin:0;height:16px;width:16px;background-position:-884px 0px'   \/> <span class=\"head\">Ispi\u0161ite stranicu<\/span><\/a><\/li><li class=\"iconOnly\"><a rel=\"_self\" href=\"mailto:?subject=pergamena.hr%20\u2502%20Izdava\u010dka%20ku\u0107a%20iz%20Zagreba%20:%20Ivan%20Franjo%20Juki\u0107%20(njema\u010dki)&amp;body=\u0160aljem%20Vam%20poveznicu%20preko%20internet%20stranice%20pergamena.hr%20na%20knjigu%20:%20%20%20https:\/\/pergamena.hr\/?p=1834\" title=\"Preporu\u010di knjigu prijateljima : Ivan Franjo Juki\u0107 (njema\u010dki) e-mailom\"><img src=\"http:\/\/pergamena.hr\/proba\/wp-content\/plugins\/share-and-follow\/images\/blank.gif\" height=\"16\"  width=\"16\" style=\"background: transparent url(http:\/\/pergamena.hr\/proba\/wp-content\/plugins\/share-and-follow\/default\/16\/sprite-feb-16.png) no-repeat;padding:0;margin:0;height:16px;width:16px;background-position:-187px 0px\" class=\"image-16\"  alt=\"email\" \/> <span class=\"head\">Preporu\u010dite knjigu prijateljima<\/span><\/a><\/li><\/ul><div class=\"clean\"><\/div> <\/div>","protected":false},"excerpt":{"rendered":"<p>\u2022 \u00a0Autor: Marko Lukenda \u2022 \u00a0Godina izdanja:\u00a02001. \u00a0 \u2022 \u00a0Jezik: njema\u010dki \u00a0 \u2022 \u00a0Uvez:\u00a0tvrdi \u00a0 \u2022\u00a0 Dimenzije: 22.5 x 16.3 cm \u00a0 \u2022\u00a0 Broj stranica: 157 \u2022 \u00a0Cijena: \u20ac15,90 \/ [&hellip;]<\/p>\n","protected":false},"author":4,"featured_media":1835,"comment_status":"closed","ping_status":"open","sticky":false,"template":"","format":"standard","meta":[],"categories":[6,57],"tags":[],"_links":{"self":[{"href":"https:\/\/pergamena.hr\/index.php?rest_route=\/wp\/v2\/posts\/1834"}],"collection":[{"href":"https:\/\/pergamena.hr\/index.php?rest_route=\/wp\/v2\/posts"}],"about":[{"href":"https:\/\/pergamena.hr\/index.php?rest_route=\/wp\/v2\/types\/post"}],"author":[{"embeddable":true,"href":"https:\/\/pergamena.hr\/index.php?rest_route=\/wp\/v2\/users\/4"}],"replies":[{"embeddable":true,"href":"https:\/\/pergamena.hr\/index.php?rest_route=%2Fwp%2Fv2%2Fcomments&post=1834"}],"version-history":[{"count":12,"href":"https:\/\/pergamena.hr\/index.php?rest_route=\/wp\/v2\/posts\/1834\/revisions"}],"predecessor-version":[{"id":2832,"href":"https:\/\/pergamena.hr\/index.php?rest_route=\/wp\/v2\/posts\/1834\/revisions\/2832"}],"wp:featuredmedia":[{"embeddable":true,"href":"https:\/\/pergamena.hr\/index.php?rest_route=\/wp\/v2\/media\/1835"}],"wp:attachment":[{"href":"https:\/\/pergamena.hr\/index.php?rest_route=%2Fwp%2Fv2%2Fmedia&parent=1834"}],"wp:term":[{"taxonomy":"category","embeddable":true,"href":"https:\/\/pergamena.hr\/index.php?rest_route=%2Fwp%2Fv2%2Fcategories&post=1834"},{"taxonomy":"post_tag","embeddable":true,"href":"https:\/\/pergamena.hr\/index.php?rest_route=%2Fwp%2Fv2%2Ftags&post=1834"}],"curies":[{"name":"wp","href":"https:\/\/api.w.org\/{rel}","templated":true}]}}