{"id":168,"date":"2007-08-26T17:03:30","date_gmt":"2007-08-26T15:03:30","guid":{"rendered":"http:\/\/pergamena.hr\/proba\/?p=168"},"modified":"2023-01-29T21:12:30","modified_gmt":"2023-01-29T20:12:30","slug":"bioetika-i-odgovornost-u-genetici","status":"publish","type":"post","link":"https:\/\/pergamena.hr\/?p=168","title":{"rendered":"Bioetika i odgovornost u genetici"},"content":{"rendered":"<div style=\"float:right;padding: 0 0 10px 10px\" class=\"interactive_right\"><div class='button_holder_right'><iframe src=\"http:\/\/www.facebook.com\/plugins\/like.php?href=https%3A%2F%2Fpergamena.hr%2F%3Fp%3D168&amp;layout=standard&amp;show_faces=false&amp;width=75&amp;action=recommend&amp;font=arial&amp;colorscheme=dark&amp;height=31\" scrolling=\"no\" frameborder=\"0\" style=\"border:none; overflow:hidden; width:75px; height:31px;\" allowTransparency=\"true\"><\/iframe><\/div><\/div><p><strong><a href=\"http:\/\/pergamena.hr\/proba\/wp-content\/uploads\/2007\/08\/Bioetika-i-odgovornost-u-genetici-naslovna.jpg\"><img decoding=\"async\" loading=\"lazy\" class=\"alignleft size-full wp-image-688\" title=\"Bioetika i odgovornost u genetici - naslovna\" src=\"http:\/\/pergamena.hr\/proba\/wp-content\/uploads\/2007\/08\/Bioetika-i-odgovornost-u-genetici-naslovna.jpg\" alt=\"\" width=\"178\" height=\"270\" \/><\/a><\/strong><\/p>\n<p><strong>\u00a0<\/strong><\/p>\n<p><strong>\u2022 \u00a0<\/strong>Autorica: <strong>Iva Rin\u010di\u0107 Lerga<\/strong><br \/>\n<strong>\u2022\u00a0 <\/strong>Godina izdanja: <strong>2007.\u00a0 <\/strong><br \/>\n<strong>\u2022 \u00a0<\/strong>Uvez: <strong>tvrdi\u00a0 <\/strong><br \/>\n<strong>\u2022 \u00a0<\/strong>Dimenzije: <strong>21 x 14 cm<\/strong><br \/>\n<strong>\u2022 \u00a0<\/strong>Broj stranica: <strong>190<\/strong><br \/>\n<strong>\u2022 \u00a0<\/strong>Cijena: <strong>\u20ac15,90<\/strong> \/ 120,00 kn<\/p>\n<p><strong><strong><strong>\u2022\u00a0\u00a0<a title=\"NARUD\u017dBA\" href=\"http:\/\/pergamena.hr\/?page_id=1138\">NARU\u010cI<\/a><strong> <strong>\u00a0\u2022<\/strong><\/strong><\/strong> \u00a0<\/strong><\/strong><strong>\u00a0<\/strong><\/p>\n<blockquote>\n<p style=\"text-align: justify;\">Interes za problem bioeti\u010dke odgovornosti u genetici u pr\u00advom je redu nastao kao posljedica kontinuiranog su\u010deljavanja s implikacijama znanstveno-tehnolo\u0161kog razvoja koji nas iz dana u dan suo\u010dava s potpuno novim mogu\u0107nostima vlastitog djelovanja i primjene znanja, istovremeno ne donose\u0107i odgo\u00advore o dru\u0161tvenim, eti\u010dkim, kulturnim i brojnim drugima as\u00adpektima spomenutih procesa. Suvremena je znanost, uz pra\u00adte\u0107u tehnolo\u0161ku ostvarivost, odavno pre\u0161la granice isklju\u010divo slu\u017eenja <em>razumnim<\/em> ljudskim potrebama i neupitno postala dominiraju\u0107om paradigmom modernog svijeta. Pozicija mo\u0107\u00adnog dru\u0161tvenog sistema omogu\u0107ila je da znanosti (posebno prirodne i biotehnolo\u0161ke) danas ne ostvaruju samo pasivnu dominaciju modernim svijetom, ve\u0107 pomno planiranim utje\u00adcajem na ljudske potrebe i zahtjeve stvaraju stalnu potra\u017enju uvijek novih i dosad nepoznatih mogu\u0107nosti. U svojoj sr\u017ei, moderna znanost ima tendenciju rasta i osna\u017eivanja, \u0161to se, iz\u00adme\u0111u ostalog, realizira u zatvorenom krugu na\u0161ih vlastitih \u017ee\u00adlja, mogu\u0107nosti i o\u010dekivanja. Pomicanje granica tako je posta\u00adlo izazov ne samo znanstvenicima uvrije\u017eeno neosjetljivima na posljedice svojih najnovih otkri\u0107a, nego i \u0161irokim krugo\u00advima javnosti u uvijek prisutnom o\u010dekivanju onog \u0161to bismo na taj na\u010din mogli ostvariti. Najnovija otkri\u0107a u podru\u010dju ge\u00adnetike paradigmati\u010dan su primjer u kojem znati\u017eelja sve vi\u0161e ustupa mjesto interesu, i to ne samo onom znanstvenom, nego i pojedina\u010dnom i dru\u0161tvenom, kao odgovor na vje\u010dite te\u017enje o unapre\u0111enju, pobolj\u0161anju ili stvaranju potpuno novog, uvijek boljeg i po\u017eeljnjeg \u017eivota. Pritom se \u010desto zaboravlja da je u slu\u010daju genetike rije\u010d o potpuno novom podru\u010dju djelovanja, o samoj osnovi ljudskog, ali i \u017eivota uop\u0107e, tako da interes za unapre\u0111enje \u017eivota istovremeno postaje mo\u0107no sredstvo nje\u00adgovog (samo)uni\u0161tenja.\u00a0 <strong>(Iz zaklju\u010dka)<\/strong><\/p>\n<\/blockquote>\n<div class='shareinpost'><ul class=\"socialwrap row\"><li class=\"iconOnly share\">Preporu\u010di putem :<\/li><li class=\"iconOnly\"><a  rel='nofollow'  target='_blank'  title='Preporu\u010di knjigu : Bioetika i odgovornost u genetici na Facebooku'  href='http:\/\/www.facebook.com\/sharer.php?u=https%3A%2F%2Fpergamena.hr%2F%3Fp%3D168&amp;t=Bioetika+i+odgovornost+u+genetici'  ><img  src='http:\/\/pergamena.hr\/proba\/wp-content\/plugins\/share-and-follow\/images\/blank.gif'  height='16' width='16'  class='image-16' alt='facebook'  style='background: transparent url(http:\/\/pergamena.hr\/proba\/wp-content\/plugins\/share-and-follow\/default\/16\/sprite-feb-16.png) no-repeat;padding:0;margin:0;height:16px;width:16px;background-position:-204px 0px'   \/> <span class=\"head\">Preporu\u010di knjigu<\/span><\/a><\/li><li class=\"iconOnly\"><a  rel='nofollow'  target='_blank'  title='Dijeli : Bioetika i odgovornost u genetici na google plus'  href='https:\/\/plusone.google.com\/_\/+1\/confirm?hl=en&amp;url=https%3A%2F%2Fpergamena.hr%2F%3Fp%3D168&amp;title=Bioetika+i+odgovornost+u+genetici'  ><img  src='http:\/\/pergamena.hr\/proba\/wp-content\/plugins\/share-and-follow\/images\/blank.gif'  height='16' width='16'  class='image-16' alt='gplus'  style='background: transparent url(http:\/\/pergamena.hr\/proba\/wp-content\/plugins\/share-and-follow\/default\/16\/sprite-feb-16.png) no-repeat;padding:0;margin:0;height:16px;width:16px;background-position:-425px 0px'   \/> <span class=\"head\">Dijeli na google plus<\/span><\/a><\/li><li class=\"iconOnly\"><a  rel='nofollow'  target='_blank'  title='Dijeli : Bioetika i odgovornost u genetici na Linkedinu'  href='http:\/\/www.linkedin.com\/shareArticle?mini=true&amp;url=https%3A%2F%2Fpergamena.hr%2F%3Fp%3D168&amp;title=Bioetika+i+odgovornost+u+genetici&amp;summary=%0A%0A%C2%A0%0A%0A%E2%80%A2+%C2%A0Autorica%3A+Iva+Rin%C4%8Di%C4%87+Lerga%0A%E2%80%A2%C2%A0+Godina+izdanja%3A+2007.%C2%A0+%0A%E2%80%A2+%C2%A0Uvez%3A+tvrdi%C2%A0+%0A%E2%80%A2+%C2%A0Dimenzije%3A+21+x+14+cm%0A%E2%80%A2+%C2%A0Broj+stranica%3A+190%0A%E2%80%A2+%C2%A0Cijena%3A+%E2%82%AC15%2C90+%2F+120%2C00+kn%0A%0A%E2%80%A2%C2%A0%C2%A0NARU%C4%8CI+%C2%A0%E2%80%A2+%C2%A0%C2%A0%0A%0AInteres+za+problem+bioeti%C4%8Dke+odgovornosti+u+genetici+u+pr%C2%ADvom+je+redu+nastao+kao+posljedica+kontinuiranog+su%C4'  ><img  src='http:\/\/pergamena.hr\/proba\/wp-content\/plugins\/share-and-follow\/images\/blank.gif'  height='16' width='16'  class='image-16' alt='linkedin'  style='background: transparent url(http:\/\/pergamena.hr\/proba\/wp-content\/plugins\/share-and-follow\/default\/16\/sprite-feb-16.png) no-repeat;padding:0;margin:0;height:16px;width:16px;background-position:-578px 0px'   \/> <span class=\"head\">Dijelite putem linkedina<\/span><\/a><\/li><li class=\"iconOnly\"><a  rel='nofollow'  target='_blank'  title='Tweetaj o ovoj knjizi : Bioetika i odgovornost u genetici na Twitteru'  href=\"http:\/\/twitter.com\/share?url=https%3A%2F%2Fpergamena.hr%2F%3Fp%3D168&amp;text=Bioetika+i+odgovornost+u+genetici+-+\"  ><img  src='http:\/\/pergamena.hr\/proba\/wp-content\/plugins\/share-and-follow\/images\/blank.gif'  height='16' width='16'  class='image-16' alt='twitter'  style='background: transparent url(http:\/\/pergamena.hr\/proba\/wp-content\/plugins\/share-and-follow\/default\/16\/sprite-feb-16.png) no-repeat;padding:0;margin:0;height:16px;width:16px;background-position:-1105px 0px'   \/> <span class=\"head\">Tweetajte o ovoj knjizi<\/span><\/a><\/li><li class=\"iconOnly\"><a  rel='nofollow'  target='_self'  title='Ispi\u0161i stranicu : Bioetika i odgovornost u genetici za kasnije \u010ditanje'  href='javascript:window.print();'  ><img  src='http:\/\/pergamena.hr\/proba\/wp-content\/plugins\/share-and-follow\/images\/blank.gif'  height='16' width='16'  class='image-16' alt='print'  style='background: transparent url(http:\/\/pergamena.hr\/proba\/wp-content\/plugins\/share-and-follow\/default\/16\/sprite-feb-16.png) no-repeat;padding:0;margin:0;height:16px;width:16px;background-position:-884px 0px'   \/> <span class=\"head\">Ispi\u0161ite stranicu<\/span><\/a><\/li><li class=\"iconOnly\"><a rel=\"_self\" href=\"mailto:?subject=pergamena.hr%20\u2502%20Izdava\u010dka%20ku\u0107a%20iz%20Zagreba%20:%20Bioetika%20i%20odgovornost%20u%20genetici&amp;body=\u0160aljem%20Vam%20poveznicu%20preko%20internet%20stranice%20pergamena.hr%20na%20knjigu%20:%20%20%20https:\/\/pergamena.hr\/?p=168\" title=\"Preporu\u010di knjigu prijateljima : Bioetika i odgovornost u genetici e-mailom\"><img src=\"http:\/\/pergamena.hr\/proba\/wp-content\/plugins\/share-and-follow\/images\/blank.gif\" height=\"16\"  width=\"16\" style=\"background: transparent url(http:\/\/pergamena.hr\/proba\/wp-content\/plugins\/share-and-follow\/default\/16\/sprite-feb-16.png) no-repeat;padding:0;margin:0;height:16px;width:16px;background-position:-187px 0px\" class=\"image-16\"  alt=\"email\" \/> <span class=\"head\">Preporu\u010dite knjigu prijateljima<\/span><\/a><\/li><\/ul><div class=\"clean\"><\/div> <\/div>","protected":false},"excerpt":{"rendered":"<p>\u00a0 \u2022 \u00a0Autorica: Iva Rin\u010di\u0107 Lerga \u2022\u00a0 Godina izdanja: 2007.\u00a0 \u2022 \u00a0Uvez: tvrdi\u00a0 \u2022 \u00a0Dimenzije: 21 x 14 cm \u2022 \u00a0Broj stranica: 190 \u2022 \u00a0Cijena: \u20ac15,90 \/ 120,00 kn \u2022\u00a0\u00a0NARU\u010cI [&hellip;]<\/p>\n","protected":false},"author":1,"featured_media":1947,"comment_status":"closed","ping_status":"open","sticky":false,"template":"","format":"standard","meta":[],"categories":[5,39],"tags":[],"_links":{"self":[{"href":"https:\/\/pergamena.hr\/index.php?rest_route=\/wp\/v2\/posts\/168"}],"collection":[{"href":"https:\/\/pergamena.hr\/index.php?rest_route=\/wp\/v2\/posts"}],"about":[{"href":"https:\/\/pergamena.hr\/index.php?rest_route=\/wp\/v2\/types\/post"}],"author":[{"embeddable":true,"href":"https:\/\/pergamena.hr\/index.php?rest_route=\/wp\/v2\/users\/1"}],"replies":[{"embeddable":true,"href":"https:\/\/pergamena.hr\/index.php?rest_route=%2Fwp%2Fv2%2Fcomments&post=168"}],"version-history":[{"count":29,"href":"https:\/\/pergamena.hr\/index.php?rest_route=\/wp\/v2\/posts\/168\/revisions"}],"predecessor-version":[{"id":2819,"href":"https:\/\/pergamena.hr\/index.php?rest_route=\/wp\/v2\/posts\/168\/revisions\/2819"}],"wp:featuredmedia":[{"embeddable":true,"href":"https:\/\/pergamena.hr\/index.php?rest_route=\/wp\/v2\/media\/1947"}],"wp:attachment":[{"href":"https:\/\/pergamena.hr\/index.php?rest_route=%2Fwp%2Fv2%2Fmedia&parent=168"}],"wp:term":[{"taxonomy":"category","embeddable":true,"href":"https:\/\/pergamena.hr\/index.php?rest_route=%2Fwp%2Fv2%2Fcategories&post=168"},{"taxonomy":"post_tag","embeddable":true,"href":"https:\/\/pergamena.hr\/index.php?rest_route=%2Fwp%2Fv2%2Ftags&post=168"}],"curies":[{"name":"wp","href":"https:\/\/api.w.org\/{rel}","templated":true}]}}