{"id":939,"date":"1998-09-28T16:16:19","date_gmt":"1998-09-28T14:16:19","guid":{"rendered":"http:\/\/pergamena.hr\/proba\/?p=939"},"modified":"2023-01-29T21:17:18","modified_gmt":"2023-01-29T20:17:18","slug":"svjedoci","status":"publish","type":"post","link":"http:\/\/pergamena.hr\/?p=939","title":{"rendered":"Svjedoci"},"content":{"rendered":"<div style=\"float:right;padding: 0 0 10px 10px\" class=\"interactive_right\"><div class='button_holder_right'><iframe src=\"http:\/\/www.facebook.com\/plugins\/like.php?href=http%3A%2F%2Fpergamena.hr%2F%3Fp%3D939&amp;layout=standard&amp;show_faces=false&amp;width=75&amp;action=recommend&amp;font=arial&amp;colorscheme=dark&amp;height=31\" scrolling=\"no\" frameborder=\"0\" style=\"border:none; overflow:hidden; width:75px; height:31px;\" allowTransparency=\"true\"><\/iframe><\/div><\/div><p><a href=\"http:\/\/pergamena.hr\/proba\/wp-content\/uploads\/1998\/09\/Svjedoci-naslovna2.jpg\"><img decoding=\"async\" loading=\"lazy\" class=\"alignleft size-full wp-image-965\" title=\"Svjedoci-naslovna\" src=\"http:\/\/pergamena.hr\/proba\/wp-content\/uploads\/1998\/09\/Svjedoci-naslovna2.jpg\" alt=\"\" width=\"191\" height=\"270\" \/><\/a><\/p>\n<p>\u2022 \u00a0Autor: <strong>Du\u0161an \u017danko<\/strong><br \/>\n\u2022 \u00a0Godina izdanja: <strong>1998.\u00a0 <\/strong><br \/>\n\u2022 \u00a0Uvez:<strong>\u00a0meki<\/strong><br \/>\n\u2022 \u00a0Dimenzije: <strong>22.5 x 15 cm<\/strong><br \/>\n\u2022 \u00a0Broj stranica:<strong> 436<\/strong><br \/>\n\u2022 \u00a0Cijena:<strong> \u00a0<strong>rasprodano \u2022\u00a0<\/strong><\/strong><\/p>\n<blockquote>\n<p style=\"text-align: justify;\"><strong>Svjedok me\u0111u svjedocima<\/strong><br \/>\nProf. Du\u0161an \u017danko je zna\u010dajna pojava u me\u0111uratnom i ratnom razdoblju u Hrvatskoj i u posljeratnoj hrvatskoj emigraciji. Obi\u010dno se za njega ka\u017ee, da je jedan od istaknutih hrvatskih i katoli\u010dkih intelektualaca i javnih radnika. No, upravo radi toga, pone\u0161to op\u0107enitog pogleda na \u017danka, neke od njegovih va\u017enih djelatnosti ostaju nepoznate, posebno mla\u0111im generacijama. Razlog je dugogodi\u0161nja emigracija te pre\u0161u\u0107ivanje u domovini svega kreativnog, pozitivnog o ljudima, koji su bili na opre\u010dnim pozicijama tmurnoj i \u017ealosnoj sada\u0161njici u Hrvatskoj; na pozicijama slobode za hrvatski narod prema sada\u0161njoj podre\u0111enosti; na pozicijama pluralizma i demokracije prema sada\u0161njoj diktaturi; na pozicijama kr\u0161\u0107anstva prema sada\u0161njem ateizmu; na pozicijama duha prema sada\u0161njem materijalizmu. O takovim ljudima kao \u017danko, kad se nekad ne\u0161to reklo u posljeratnoj Hrvatskoj, reklo se je negativno, lo\u0161e, ru\u017eno. Zato se objavljuje ova knjiga, da bi se upoznalo budu\u0107e nara\u0161taje o \u017danku i \u017dankovu djelu, ali i o tome koji i kakovi su neki od ljudi, koji su stajali na spomenutim branicima, koji su njihovi ideali i principi, kakovi su bili kao ljudi.<br \/>\nPa ipak eseji i \u010dlanci, sabrani u ovoj knjizi, ne mogu nam dati potpunu ideju o \u017danku \u010dovjeku, vjerniku-katoliku, rodoljubu i javnom radniku, misliocu, knji\u017eevniku, \u010dovjeku kazali\u0161ta, sveu\u010dili\u0161nom profesoru. Razlog je, da se u ovoj knjizi objavljuju samo <em>neki<\/em> od njegovih ve\u0107 objavljenih eseja i \u010dlanaka, takore\u0107i ni\u0161ta od njegovih kazali\u0161nih i knji\u017eevnih kritika, prikaza i ocjena i ostalih \u010dlanaka. Isto tako, ni\u0161ta od njegovih neobjavljenih dnevnika, korespondencije i predavanja. Izbor za ovu knjigu, koji je u\u010dinio \u017dankov sin Ante, mogao se obaviti samo me\u0111u onim esejima, \u0161to ih je \u017danko objavio u emigraciji i prije rata u \u00abHrvatskoj smotri\u00bb i \u00ab\u017divotu\u00bb, koji su mu bili pri ruci, a i to bi ve\u0107 napravilo oma\u0161nu knjigu. Da bi ipak dali jednu zaokru\u017eenu sliku o \u017danku i njegovu \u017eivotnom djelu, nastojat \u0107emo ga prikazati umjesto uvoda ovdje u raznim vidovima njegovih djelatnosti, a uklju\u010dili smo na kraju knjige i bibliografiju njegovih radova te \u010dlanaka o njemu i kratku kronologiju \u017eivota.<br \/>\n<strong><em>Urednik<\/em><\/strong><\/p>\n<\/blockquote>\n<div class='shareinpost'><ul class=\"socialwrap row\"><li class=\"iconOnly share\">Preporu\u010di putem :<\/li><li class=\"iconOnly\"><a  rel='nofollow'  target='_blank'  title='Preporu\u010di knjigu : Svjedoci na Facebooku'  href='http:\/\/www.facebook.com\/sharer.php?u=http%3A%2F%2Fpergamena.hr%2F%3Fp%3D939&amp;t=Svjedoci'  ><img  src='http:\/\/pergamena.hr\/proba\/wp-content\/plugins\/share-and-follow\/images\/blank.gif'  height='16' width='16'  class='image-16' alt='facebook'  style='background: transparent url(http:\/\/pergamena.hr\/proba\/wp-content\/plugins\/share-and-follow\/default\/16\/sprite-feb-16.png) no-repeat;padding:0;margin:0;height:16px;width:16px;background-position:-204px 0px'   \/> <span class=\"head\">Preporu\u010di knjigu<\/span><\/a><\/li><li class=\"iconOnly\"><a  rel='nofollow'  target='_blank'  title='Dijeli : Svjedoci na google plus'  href='https:\/\/plusone.google.com\/_\/+1\/confirm?hl=en&amp;url=http%3A%2F%2Fpergamena.hr%2F%3Fp%3D939&amp;title=Svjedoci'  ><img  src='http:\/\/pergamena.hr\/proba\/wp-content\/plugins\/share-and-follow\/images\/blank.gif'  height='16' width='16'  class='image-16' alt='gplus'  style='background: transparent url(http:\/\/pergamena.hr\/proba\/wp-content\/plugins\/share-and-follow\/default\/16\/sprite-feb-16.png) no-repeat;padding:0;margin:0;height:16px;width:16px;background-position:-425px 0px'   \/> <span class=\"head\">Dijeli na google plus<\/span><\/a><\/li><li class=\"iconOnly\"><a  rel='nofollow'  target='_blank'  title='Dijeli : Svjedoci na Linkedinu'  href='http:\/\/www.linkedin.com\/shareArticle?mini=true&amp;url=http%3A%2F%2Fpergamena.hr%2F%3Fp%3D939&amp;title=Svjedoci&amp;summary=%0A%0A%E2%80%A2+%C2%A0Autor%3A+Du%C5%A1an+%C5%BDanko%0A%E2%80%A2+%C2%A0Godina+izdanja%3A+1998.%C2%A0+%0A%E2%80%A2+%C2%A0Uvez%3A%C2%A0meki%0A%E2%80%A2+%C2%A0Dimenzije%3A+22.5+x+15+cm%0A%E2%80%A2+%C2%A0Broj+stranica%3A+436%0A%E2%80%A2+%C2%A0Cijena%3A+%C2%A0rasprodano+%E2%80%A2%C2%A0%0A%0ASvjedok+me%C4%91u+svjedocima%0AProf.+Du%C5%A1an+%C5%BDanko+je+zna%C4%8Dajna+pojava+u+me%C4%91uratnom+i+ratnom+razdoblju+u+Hrvatskoj+i+u+posljeratnoj+hrvatskoj+emigraciji.+Obi%C4'  ><img  src='http:\/\/pergamena.hr\/proba\/wp-content\/plugins\/share-and-follow\/images\/blank.gif'  height='16' width='16'  class='image-16' alt='linkedin'  style='background: transparent url(http:\/\/pergamena.hr\/proba\/wp-content\/plugins\/share-and-follow\/default\/16\/sprite-feb-16.png) no-repeat;padding:0;margin:0;height:16px;width:16px;background-position:-578px 0px'   \/> <span class=\"head\">Dijelite putem linkedina<\/span><\/a><\/li><li class=\"iconOnly\"><a  rel='nofollow'  target='_blank'  title='Tweetaj o ovoj knjizi : Svjedoci na Twitteru'  href=\"http:\/\/twitter.com\/share?url=http%3A%2F%2Fpergamena.hr%2F%3Fp%3D939&amp;text=Svjedoci+-+\"  ><img  src='http:\/\/pergamena.hr\/proba\/wp-content\/plugins\/share-and-follow\/images\/blank.gif'  height='16' width='16'  class='image-16' alt='twitter'  style='background: transparent url(http:\/\/pergamena.hr\/proba\/wp-content\/plugins\/share-and-follow\/default\/16\/sprite-feb-16.png) no-repeat;padding:0;margin:0;height:16px;width:16px;background-position:-1105px 0px'   \/> <span class=\"head\">Tweetajte o ovoj knjizi<\/span><\/a><\/li><li class=\"iconOnly\"><a  rel='nofollow'  target='_self'  title='Ispi\u0161i stranicu : Svjedoci za kasnije \u010ditanje'  href='javascript:window.print();'  ><img  src='http:\/\/pergamena.hr\/proba\/wp-content\/plugins\/share-and-follow\/images\/blank.gif'  height='16' width='16'  class='image-16' alt='print'  style='background: transparent url(http:\/\/pergamena.hr\/proba\/wp-content\/plugins\/share-and-follow\/default\/16\/sprite-feb-16.png) no-repeat;padding:0;margin:0;height:16px;width:16px;background-position:-884px 0px'   \/> <span class=\"head\">Ispi\u0161ite stranicu<\/span><\/a><\/li><li class=\"iconOnly\"><a rel=\"_self\" href=\"mailto:?subject=pergamena.hr%20\u2502%20Izdava\u010dka%20ku\u0107a%20iz%20Zagreba%20:%20Svjedoci&amp;body=\u0160aljem%20Vam%20poveznicu%20preko%20internet%20stranice%20pergamena.hr%20na%20knjigu%20:%20%20%20http:\/\/pergamena.hr\/?p=939\" title=\"Preporu\u010di knjigu prijateljima : Svjedoci e-mailom\"><img src=\"http:\/\/pergamena.hr\/proba\/wp-content\/plugins\/share-and-follow\/images\/blank.gif\" height=\"16\"  width=\"16\" style=\"background: transparent url(http:\/\/pergamena.hr\/proba\/wp-content\/plugins\/share-and-follow\/default\/16\/sprite-feb-16.png) no-repeat;padding:0;margin:0;height:16px;width:16px;background-position:-187px 0px\" class=\"image-16\"  alt=\"email\" \/> <span class=\"head\">Preporu\u010dite knjigu prijateljima<\/span><\/a><\/li><\/ul><div class=\"clean\"><\/div> <\/div>","protected":false},"excerpt":{"rendered":"<p>\u2022 \u00a0Autor: Du\u0161an \u017danko \u2022 \u00a0Godina izdanja: 1998.\u00a0 \u2022 \u00a0Uvez:\u00a0meki \u2022 \u00a0Dimenzije: 22.5 x 15 cm \u2022 \u00a0Broj stranica: 436 \u2022 \u00a0Cijena: \u00a0rasprodano \u2022\u00a0 Svjedok me\u0111u svjedocima Prof. Du\u0161an \u017danko [&hellip;]<\/p>\n","protected":false},"author":2,"featured_media":965,"comment_status":"closed","ping_status":"closed","sticky":false,"template":"","format":"standard","meta":[],"categories":[61,7],"tags":[],"_links":{"self":[{"href":"http:\/\/pergamena.hr\/index.php?rest_route=\/wp\/v2\/posts\/939"}],"collection":[{"href":"http:\/\/pergamena.hr\/index.php?rest_route=\/wp\/v2\/posts"}],"about":[{"href":"http:\/\/pergamena.hr\/index.php?rest_route=\/wp\/v2\/types\/post"}],"author":[{"embeddable":true,"href":"http:\/\/pergamena.hr\/index.php?rest_route=\/wp\/v2\/users\/2"}],"replies":[{"embeddable":true,"href":"http:\/\/pergamena.hr\/index.php?rest_route=%2Fwp%2Fv2%2Fcomments&post=939"}],"version-history":[{"count":17,"href":"http:\/\/pergamena.hr\/index.php?rest_route=\/wp\/v2\/posts\/939\/revisions"}],"predecessor-version":[{"id":2755,"href":"http:\/\/pergamena.hr\/index.php?rest_route=\/wp\/v2\/posts\/939\/revisions\/2755"}],"wp:featuredmedia":[{"embeddable":true,"href":"http:\/\/pergamena.hr\/index.php?rest_route=\/wp\/v2\/media\/965"}],"wp:attachment":[{"href":"http:\/\/pergamena.hr\/index.php?rest_route=%2Fwp%2Fv2%2Fmedia&parent=939"}],"wp:term":[{"taxonomy":"category","embeddable":true,"href":"http:\/\/pergamena.hr\/index.php?rest_route=%2Fwp%2Fv2%2Fcategories&post=939"},{"taxonomy":"post_tag","embeddable":true,"href":"http:\/\/pergamena.hr\/index.php?rest_route=%2Fwp%2Fv2%2Ftags&post=939"}],"curies":[{"name":"wp","href":"https:\/\/api.w.org\/{rel}","templated":true}]}}