{"id":936,"date":"1998-09-28T16:12:10","date_gmt":"1998-09-28T14:12:10","guid":{"rendered":"http:\/\/pergamena.hr\/proba\/?p=936"},"modified":"2023-01-29T21:17:27","modified_gmt":"2023-01-29T20:17:27","slug":"bleiburg-uzroci-i-posljedice","status":"publish","type":"post","link":"http:\/\/pergamena.hr\/?p=936","title":{"rendered":"BLEIBURG: uzroci i posljedice"},"content":{"rendered":"<div style=\"float:right;padding: 0 0 10px 10px\" class=\"interactive_right\"><div class='button_holder_right'><iframe src=\"http:\/\/www.facebook.com\/plugins\/like.php?href=http%3A%2F%2Fpergamena.hr%2F%3Fp%3D936&amp;layout=standard&amp;show_faces=false&amp;width=75&amp;action=recommend&amp;font=arial&amp;colorscheme=dark&amp;height=31\" scrolling=\"no\" frameborder=\"0\" style=\"border:none; overflow:hidden; width:75px; height:31px;\" allowTransparency=\"true\"><\/iframe><\/div><\/div><p><a href=\"http:\/\/pergamena.hr\/proba\/wp-content\/uploads\/1998\/09\/Bleiburg-uzroci-i-posljedice-naslovna1.jpg\"><img decoding=\"async\" loading=\"lazy\" class=\"alignleft size-full wp-image-977\" title=\"Bleiburg-uzroci-i-posljedice-naslovna\" src=\"http:\/\/pergamena.hr\/proba\/wp-content\/uploads\/1998\/09\/Bleiburg-uzroci-i-posljedice-naslovna1.jpg\" alt=\"\" width=\"187\" height=\"270\" \/><\/a><\/p>\n<p>\u2022 \u00a0Grupa autora<br \/>\n\u2022 \u00a0Godina izdanja: <strong>1998.\u00a0 <\/strong><br \/>\n\u2022 \u00a0Uvez:<strong> tvrdi \u00a0<\/strong><br \/>\n\u2022 \u00a0Dimenzije:<br \/>\n\u2022 \u00a0Broj stranica:<strong> 504<\/strong><br \/>\n\u2022 \u00a0Cijena:<strong> <strong>rasprodano \u2022\u00a0<\/strong><\/strong><\/p>\n<blockquote>\n<p style=\"text-align: justify;\"><strong>Uvodni pripomenak<\/strong><br \/>\nObrazla\u017eu\u0107i razloge zbog kojih smo 1996. objelodanili petoknji\u017eni izbor radova iz Hrvatske revije u egzilu 1951-1990 (izabrani radovi I.-V): I. Vinko Nikoli\u0107 <em>U SLU\u017dBI DOMOVINE<\/em> (studije, ogledi, portreti) II.<em> HRVATSKA ZAUVIJEK<\/em> (prilozi hrvatskoj dr\u017eavotvornoj misli) III. <em>SUDBINE I DJELA<\/em> (knji\u017eevnost, umjetnost, jezikoslovlje) IV. CVR\u010cAK U BORIKU (poezija i proza) V. Milan Bla\u017eekovi\u0107 <em>BIO-BIBLIOGRAFSKI LEKSIKON SURADNIKA HRVATSKE REVIJE<\/em> u uvodnom smo slovu, me\u0111u inim, naglasili: &#8220;Na tragu onih nastojanja koja su stremila promi\u0161ljati hrvatsku zbilju iz cjeline hrvatskog duhovnog prostora, njegovih mogu\u0107nosti i zadatosti, \u017eeljeli smo hrvatskoj javnosti, poglavito mla\u0111im \u0161kolni\u010dkim generacijama pribli\u017eiti dotad nepoznate joj horizonte hrvatske duhovnosti.&#8221;<br \/>\nIsti razlog motivirao nas je i za ponovna, domovinska izdanja pojedinih naslova iz Knji\u017enice Hrvatske revije. Tiskanje prvih triju naslova (zbornik Bleiburg &#8211; uzroci i posljedice, Du\u0161an \u017danko: Svjedoci, te zbornik Razgovori o slobodi) dogovorili smo s pok. Vinkom Nikoli\u0107em, nenadma\u0161nim urednikom Hrvatske revije i njene Knji\u017enice.<br \/>\nNjemu je bilo posebno stalo do ponovnog tiskanja zbornika radova o Bleiburgu. Obe\u0107ao je napisati novi uvod, uvod u kojemu je \u017eelio upozoriti na postojanje novih okolnosti (ostvaren je san bleibur\u0161kih \u017ertava &#8211; stvorena je hrvatska dr\u017eava), onda i na potrebu za bitno druk\u010dijim tretmanom ove metafore svih hrvatskih Kalvarija. Umjesto svakogodi\u0161njih svibanjskih, sada pomalo i ekskurzijskih, hodo\u010da\u0161\u0107a u Bleiburg, Nikoli\u0107 je smatrao primjerenijim i svrsishodnijim, ako je to ikako mogu\u0107e, prenijeti zemne ostatke hrvatskih \u017ertava na hrvatski Mirogoj te prestati s teku\u0107im politi\u010dkim, kad\u0161to i politikantskim kapitaliziranjem jedne od najve\u0107ih hrvatskih tragedija.<br \/>\nIstra\u017eivanje opsega, razmjera, uzroka i posljedica svih hrvatskih posrtaja i padova, drama i tragedija, dramati\u010dnih lomova i opasnih iluzija, trebalo bi ve\u0107 jednom, uzdaju\u0107i se u nepotkupljivi sud povijesti i zdravu ljudsku pamet, prepustiti kvalificiranim stru\u010dnjacima. Bleiburg, koji je i sam pro\u017eivio u nebrojenim dimenzijama, \u010dinio se dakle Nikoli\u0107u produktivnim izazovom i za jedno druk\u010dije, racionalnije &#8211; time i kriti\u010dko promi\u0161ljanje hrvatske povijesti op\u0107enito. Bez ideologijskih (s koje god strane dolazila!) kr\u010dmarenja imena i djela.<br \/>\nNa\u017ealost, nezaboravni, dobri i veliki \u0161jor Vinko nije stigao napisati ovaj uvod. Ostale su nam tek njegove ideje. Ideje koje i u ovoj prilici posvjedo\u010duju koliko je ovaj veliki \u0160iben\u010danin \u017eivio ispred svoga vremena. Ako bi mo\u017eebit \u0161tovani \u010ditatelj upitao: za\u0161to je objavljeno ovo a ne ono, ili ono drugo djelo, ponoviti nam je: prednost u redoslijedu imaju oni, kojih vi\u0161e nema me\u0111u \u017eivima, potom oni \u010dija djela nisu zadnjih desetlje\u0107a objavljivana u Hrvatskoj. U jezik, razumije se, nismo dirali. Sve su to imali na umu urednici prire\u0111uju\u0107i ovo pone\u0161to skra\u0107eno izdanje.<br \/>\nOstalo je na \u010ditateljima.<br \/>\n<strong>A. Selak<\/strong><\/p>\n<\/blockquote>\n<div class='shareinpost'><ul class=\"socialwrap row\"><li class=\"iconOnly share\">Preporu\u010di putem :<\/li><li class=\"iconOnly\"><a  rel='nofollow'  target='_blank'  title='Preporu\u010di knjigu : BLEIBURG: uzroci i posljedice na Facebooku'  href='http:\/\/www.facebook.com\/sharer.php?u=http%3A%2F%2Fpergamena.hr%2F%3Fp%3D936&amp;t=BLEIBURG%3A+uzroci+i+posljedice'  ><img  src='http:\/\/pergamena.hr\/proba\/wp-content\/plugins\/share-and-follow\/images\/blank.gif'  height='16' width='16'  class='image-16' alt='facebook'  style='background: transparent url(http:\/\/pergamena.hr\/proba\/wp-content\/plugins\/share-and-follow\/default\/16\/sprite-feb-16.png) no-repeat;padding:0;margin:0;height:16px;width:16px;background-position:-204px 0px'   \/> <span class=\"head\">Preporu\u010di knjigu<\/span><\/a><\/li><li class=\"iconOnly\"><a  rel='nofollow'  target='_blank'  title='Dijeli : BLEIBURG: uzroci i posljedice na google plus'  href='https:\/\/plusone.google.com\/_\/+1\/confirm?hl=en&amp;url=http%3A%2F%2Fpergamena.hr%2F%3Fp%3D936&amp;title=BLEIBURG%3A+uzroci+i+posljedice'  ><img  src='http:\/\/pergamena.hr\/proba\/wp-content\/plugins\/share-and-follow\/images\/blank.gif'  height='16' width='16'  class='image-16' alt='gplus'  style='background: transparent url(http:\/\/pergamena.hr\/proba\/wp-content\/plugins\/share-and-follow\/default\/16\/sprite-feb-16.png) no-repeat;padding:0;margin:0;height:16px;width:16px;background-position:-425px 0px'   \/> <span class=\"head\">Dijeli na google plus<\/span><\/a><\/li><li class=\"iconOnly\"><a  rel='nofollow'  target='_blank'  title='Dijeli : BLEIBURG: uzroci i posljedice na Linkedinu'  href='http:\/\/www.linkedin.com\/shareArticle?mini=true&amp;url=http%3A%2F%2Fpergamena.hr%2F%3Fp%3D936&amp;title=BLEIBURG%3A+uzroci+i+posljedice&amp;summary=%0A%0A%E2%80%A2+%C2%A0Grupa+autora%0A%E2%80%A2+%C2%A0Godina+izdanja%3A+1998.%C2%A0+%0A%E2%80%A2+%C2%A0Uvez%3A+tvrdi+%C2%A0%0A%E2%80%A2+%C2%A0Dimenzije%3A%0A%E2%80%A2+%C2%A0Broj+stranica%3A+504%0A%E2%80%A2+%C2%A0Cijena%3A+rasprodano+%E2%80%A2%C2%A0%0A%0AUvodni+pripomenak%0AObrazla%C5%BEu%C4%87i+razloge+zbog+kojih+smo+1996.+objelodanili+petoknji%C5%BEni+izbor+radova+iz+Hrvatske+revije+u+egzilu+1951-1990+%28izabrani+radovi+I.-V%29%3A+I.+Vinko+Ni'  ><img  src='http:\/\/pergamena.hr\/proba\/wp-content\/plugins\/share-and-follow\/images\/blank.gif'  height='16' width='16'  class='image-16' alt='linkedin'  style='background: transparent url(http:\/\/pergamena.hr\/proba\/wp-content\/plugins\/share-and-follow\/default\/16\/sprite-feb-16.png) no-repeat;padding:0;margin:0;height:16px;width:16px;background-position:-578px 0px'   \/> <span class=\"head\">Dijelite putem linkedina<\/span><\/a><\/li><li class=\"iconOnly\"><a  rel='nofollow'  target='_blank'  title='Tweetaj o ovoj knjizi : BLEIBURG: uzroci i posljedice na Twitteru'  href=\"http:\/\/twitter.com\/share?url=http%3A%2F%2Fpergamena.hr%2F%3Fp%3D936&amp;text=BLEIBURG%3A+uzroci+i+posljedice+-+\"  ><img  src='http:\/\/pergamena.hr\/proba\/wp-content\/plugins\/share-and-follow\/images\/blank.gif'  height='16' width='16'  class='image-16' alt='twitter'  style='background: transparent url(http:\/\/pergamena.hr\/proba\/wp-content\/plugins\/share-and-follow\/default\/16\/sprite-feb-16.png) no-repeat;padding:0;margin:0;height:16px;width:16px;background-position:-1105px 0px'   \/> <span class=\"head\">Tweetajte o ovoj knjizi<\/span><\/a><\/li><li class=\"iconOnly\"><a  rel='nofollow'  target='_self'  title='Ispi\u0161i stranicu : BLEIBURG: uzroci i posljedice za kasnije \u010ditanje'  href='javascript:window.print();'  ><img  src='http:\/\/pergamena.hr\/proba\/wp-content\/plugins\/share-and-follow\/images\/blank.gif'  height='16' width='16'  class='image-16' alt='print'  style='background: transparent url(http:\/\/pergamena.hr\/proba\/wp-content\/plugins\/share-and-follow\/default\/16\/sprite-feb-16.png) no-repeat;padding:0;margin:0;height:16px;width:16px;background-position:-884px 0px'   \/> <span class=\"head\">Ispi\u0161ite stranicu<\/span><\/a><\/li><li class=\"iconOnly\"><a rel=\"_self\" href=\"mailto:?subject=pergamena.hr%20\u2502%20Izdava\u010dka%20ku\u0107a%20iz%20Zagreba%20:%20BLEIBURG:%20uzroci%20i%20posljedice&amp;body=\u0160aljem%20Vam%20poveznicu%20preko%20internet%20stranice%20pergamena.hr%20na%20knjigu%20:%20%20%20http:\/\/pergamena.hr\/?p=936\" title=\"Preporu\u010di knjigu prijateljima : BLEIBURG: uzroci i posljedice e-mailom\"><img src=\"http:\/\/pergamena.hr\/proba\/wp-content\/plugins\/share-and-follow\/images\/blank.gif\" height=\"16\"  width=\"16\" style=\"background: transparent url(http:\/\/pergamena.hr\/proba\/wp-content\/plugins\/share-and-follow\/default\/16\/sprite-feb-16.png) no-repeat;padding:0;margin:0;height:16px;width:16px;background-position:-187px 0px\" class=\"image-16\"  alt=\"email\" \/> <span class=\"head\">Preporu\u010dite knjigu prijateljima<\/span><\/a><\/li><\/ul><div class=\"clean\"><\/div> <\/div>","protected":false},"excerpt":{"rendered":"<p>\u2022 \u00a0Grupa autora \u2022 \u00a0Godina izdanja: 1998.\u00a0 \u2022 \u00a0Uvez: tvrdi \u00a0 \u2022 \u00a0Dimenzije: \u2022 \u00a0Broj stranica: 504 \u2022 \u00a0Cijena: rasprodano \u2022\u00a0 Uvodni pripomenak Obrazla\u017eu\u0107i razloge zbog kojih smo 1996. objelodanili [&hellip;]<\/p>\n","protected":false},"author":2,"featured_media":977,"comment_status":"closed","ping_status":"closed","sticky":false,"template":"","format":"standard","meta":[],"categories":[7],"tags":[],"_links":{"self":[{"href":"http:\/\/pergamena.hr\/index.php?rest_route=\/wp\/v2\/posts\/936"}],"collection":[{"href":"http:\/\/pergamena.hr\/index.php?rest_route=\/wp\/v2\/posts"}],"about":[{"href":"http:\/\/pergamena.hr\/index.php?rest_route=\/wp\/v2\/types\/post"}],"author":[{"embeddable":true,"href":"http:\/\/pergamena.hr\/index.php?rest_route=\/wp\/v2\/users\/2"}],"replies":[{"embeddable":true,"href":"http:\/\/pergamena.hr\/index.php?rest_route=%2Fwp%2Fv2%2Fcomments&post=936"}],"version-history":[{"count":15,"href":"http:\/\/pergamena.hr\/index.php?rest_route=\/wp\/v2\/posts\/936\/revisions"}],"predecessor-version":[{"id":2756,"href":"http:\/\/pergamena.hr\/index.php?rest_route=\/wp\/v2\/posts\/936\/revisions\/2756"}],"wp:featuredmedia":[{"embeddable":true,"href":"http:\/\/pergamena.hr\/index.php?rest_route=\/wp\/v2\/media\/977"}],"wp:attachment":[{"href":"http:\/\/pergamena.hr\/index.php?rest_route=%2Fwp%2Fv2%2Fmedia&parent=936"}],"wp:term":[{"taxonomy":"category","embeddable":true,"href":"http:\/\/pergamena.hr\/index.php?rest_route=%2Fwp%2Fv2%2Fcategories&post=936"},{"taxonomy":"post_tag","embeddable":true,"href":"http:\/\/pergamena.hr\/index.php?rest_route=%2Fwp%2Fv2%2Ftags&post=936"}],"curies":[{"name":"wp","href":"https:\/\/api.w.org\/{rel}","templated":true}]}}