{"id":251,"date":"2005-08-26T20:08:42","date_gmt":"2005-08-26T18:08:42","guid":{"rendered":"http:\/\/pergamena.hr\/proba\/?p=251"},"modified":"2023-01-29T21:14:04","modified_gmt":"2023-01-29T20:14:04","slug":"bioetika-in-vivo","status":"publish","type":"post","link":"http:\/\/pergamena.hr\/?p=251","title":{"rendered":"Bioetika in vivo"},"content":{"rendered":"<div style=\"float:right;padding: 0 0 10px 10px\" class=\"interactive_right\"><div class='button_holder_right'><iframe src=\"http:\/\/www.facebook.com\/plugins\/like.php?href=http%3A%2F%2Fpergamena.hr%2F%3Fp%3D251&amp;layout=standard&amp;show_faces=false&amp;width=75&amp;action=recommend&amp;font=arial&amp;colorscheme=dark&amp;height=31\" scrolling=\"no\" frameborder=\"0\" style=\"border:none; overflow:hidden; width:75px; height:31px;\" allowTransparency=\"true\"><\/iframe><\/div><\/div><p><a href=\"http:\/\/pergamena.hr\/proba\/wp-content\/uploads\/2011\/08\/Bioetika-in-vivo-naslovna.jpg\"><img decoding=\"async\" loading=\"lazy\" class=\"alignleft size-full wp-image-252\" title=\"Bioetika in vivo - naslovna\" src=\"http:\/\/pergamena.hr\/proba\/wp-content\/uploads\/2011\/08\/Bioetika-in-vivo-naslovna.jpg\" alt=\"\" width=\"182\" height=\"270\" \/><\/a><\/p>\n<p>\u2022 \u00a0Autorica: <strong>Nada Gosi\u0107<\/strong><br \/>\n\u2022 \u00a0Godina izdanja: <strong>2005.<\/strong><br \/>\n\u2022 \u00a0Uvez:<strong>\u00a0tvrdi<\/strong><br \/>\n\u2022 \u00a0Dimenzije: <strong>21 x 14 cm<\/strong><br \/>\n\u2022 \u00a0Broj stranica:<strong>\u00a0254<\/strong><br \/>\n\u2022 \u00a0Cijena:<strong> \u20ac15,90<\/strong> \/ 120,00 kn<\/p>\n<p><strong><strong><strong>\u2022\u00a0\u00a0<a title=\"NARUD\u017dBA\" href=\"http:\/\/pergamena.hr\/?page_id=1138\">NARU\u010cI<\/a><strong> <strong>\u00a0\u2022<\/strong><\/strong><\/strong> \u00a0<\/strong><\/strong><\/p>\n<blockquote>\n<p style=\"text-align: justify;\">Podnaslov ove knjige mogao bi glasiti: kako od pitanja nastaje knjiga? Naime, vrlo \u010desto je dijalog sa studentima tijekom predavanja i seminarskih rasprava zavr\u0161avao zajedni\u010dkim zaklju\u010dkom da se o pitanjima koja se naj\u010de\u0161\u0107e spominju u nastavi treba napisati knjiga. Stoga je ono o \u010demu smo najvi\u0161e i naj\u010de\u0161\u0107e razgovarali, raspravljali, su\u010deljavali na\u0161a stajali\u0161ta, te ono \u0161to nam je bilo zajedni\u010dki izazov i poziv da zajedni\u010dkim snagama na\u0111emo odgovor preto\u010deno u poglavlja ove knjige. Karakter bioetike &#8211; prepoznatljiv po dinamici, brzoj izmjenljivosti, stalnom uslo\u017enjavaju problema koja za sobom ostavlja znanstveno tehnolo\u0161ki napredak u medicini i pozivu u interdisciplinarni dijalog &#8211; predstavljen je u deset tematskih cjelina.<br \/>\nPrva nosi naziv Bioetika i nastala je sa svrhom upoznavanja \u010ditatelja s pojmovnim odre\u0111enjem i definicijama bioetike, s prikazivanjem interesa filozofije za medicinsko-eti\u010dke probleme zapo\u010detog s izre\u010denim mislima Platona i Aristotela. Prvog, koji je razmi\u0161ljao i pisao u rasponu od odnosa prema ljudskome tijelu, preko zdravoga \u017eivota do politi\u010dke regulacije medicinskih pitanja. Drugog, koji je insistirao na povezivanju medicine, filozofije i prava. Zatim slijedi odnos s teologijom i razlozima zbog kojih se teolozi Joseph Fletcher, Karl Rahner, James Gustafson i Paul Ramsey spominju u kontekstu suutemeljitelja bioetike. U zavr\u0161nom dijelu ove tematske cjeline daje se presjek povijesnih \u010dinjenica koje su dovele do pravno-politi\u010dke regulacije medicinsko-eti\u010dkih pitanja.<br \/>\nEnciklopedijske definicije bioetike utjecale su na nastanak druge, tre\u0107e i \u010detvrte tematske cjeline zbog \u010dega im okosnicu \u010dine eti\u010dka gledi\u0161ta na skrb u medicini, eti\u010dke teorije i na\u010dela te bioeti\u010dke dileme. Petu, \u0161estu, sedmu i osmu temu stvorila je potreba za su\u010deljavanjem pristupa u pitanjima koja neminovno prate bioeti\u010dki slu\u010daj ili problem, te se razmatraju kao bitni sadr\u017eaji u eti\u010dkom prosu\u0111ivanju i dono\u0161enju odluke. Rije\u010d je o paternalisti\u010dkom i suradni\u010dkom odnosu prema pacijentu, o odnosu prema ljudskome tijelu i osobnosti te privatnosti i povjerenju. Kao posljedice prethodnih javile su se posljednje dvije tematske cjeline budu\u0107i da testiraju problem raspodjele znanstveno tehni\u010dkih postignu\u0107a u konkretnom primjeru ugradnje umjetnih organa i tkiva (deveta) te razli\u010dite politi\u010dke strategije i opcije pomo\u0107u kojih se prepoznaju elementi politi\u010dke mo\u0107i u rje\u0161avanju bioeti\u010dkih problema (deseta). Na kraju, \u017eelim istaknuti da su prezentirane teme ponu\u0111ene za dijalog, razmjenu teorijskih i prakti\u010dnih mi\u0161ljenja, gledi\u0161ta i stavova s kojima bi se &#8220;o\u017eivio&#8221; tekst i pove\u0107ala njegova vrijednost. <strong>(Iz predgovora)<\/strong><br \/>\n<strong>Nada Gosi\u0107<\/strong><\/p>\n<\/blockquote>\n<div class='shareinpost'><ul class=\"socialwrap row\"><li class=\"iconOnly share\">Preporu\u010di putem :<\/li><li class=\"iconOnly\"><a  rel='nofollow'  target='_blank'  title='Preporu\u010di knjigu : Bioetika in vivo na Facebooku'  href='http:\/\/www.facebook.com\/sharer.php?u=http%3A%2F%2Fpergamena.hr%2F%3Fp%3D251&amp;t=Bioetika+in+vivo'  ><img  src='http:\/\/pergamena.hr\/proba\/wp-content\/plugins\/share-and-follow\/images\/blank.gif'  height='16' width='16'  class='image-16' alt='facebook'  style='background: transparent url(http:\/\/pergamena.hr\/proba\/wp-content\/plugins\/share-and-follow\/default\/16\/sprite-feb-16.png) no-repeat;padding:0;margin:0;height:16px;width:16px;background-position:-204px 0px'   \/> <span class=\"head\">Preporu\u010di knjigu<\/span><\/a><\/li><li class=\"iconOnly\"><a  rel='nofollow'  target='_blank'  title='Dijeli : Bioetika in vivo na google plus'  href='https:\/\/plusone.google.com\/_\/+1\/confirm?hl=en&amp;url=http%3A%2F%2Fpergamena.hr%2F%3Fp%3D251&amp;title=Bioetika+in+vivo'  ><img  src='http:\/\/pergamena.hr\/proba\/wp-content\/plugins\/share-and-follow\/images\/blank.gif'  height='16' width='16'  class='image-16' alt='gplus'  style='background: transparent url(http:\/\/pergamena.hr\/proba\/wp-content\/plugins\/share-and-follow\/default\/16\/sprite-feb-16.png) no-repeat;padding:0;margin:0;height:16px;width:16px;background-position:-425px 0px'   \/> <span class=\"head\">Dijeli na google plus<\/span><\/a><\/li><li class=\"iconOnly\"><a  rel='nofollow'  target='_blank'  title='Dijeli : Bioetika in vivo na Linkedinu'  href='http:\/\/www.linkedin.com\/shareArticle?mini=true&amp;url=http%3A%2F%2Fpergamena.hr%2F%3Fp%3D251&amp;title=Bioetika+in+vivo&amp;summary=%0A%0A%E2%80%A2+%C2%A0Autorica%3A+Nada+Gosi%C4%87%0A%E2%80%A2+%C2%A0Godina+izdanja%3A+2005.%0A%E2%80%A2+%C2%A0Uvez%3A%C2%A0tvrdi%0A%E2%80%A2+%C2%A0Dimenzije%3A+21+x+14+cm%0A%E2%80%A2+%C2%A0Broj+stranica%3A%C2%A0254%0A%E2%80%A2+%C2%A0Cijena%3A+%E2%82%AC15%2C90+%2F+120%2C00+kn%0A%0A%E2%80%A2%C2%A0%C2%A0NARU%C4%8CI+%C2%A0%E2%80%A2+%C2%A0%0A%0APodnaslov+ove+knjige+mogao+bi+glasiti%3A+kako+od+pitanja+nastaje+knjiga%3F+Naime%2C+vrlo+%C4%8Desto+je+dijalog+sa+studentima+tijekom+preda'  ><img  src='http:\/\/pergamena.hr\/proba\/wp-content\/plugins\/share-and-follow\/images\/blank.gif'  height='16' width='16'  class='image-16' alt='linkedin'  style='background: transparent url(http:\/\/pergamena.hr\/proba\/wp-content\/plugins\/share-and-follow\/default\/16\/sprite-feb-16.png) no-repeat;padding:0;margin:0;height:16px;width:16px;background-position:-578px 0px'   \/> <span class=\"head\">Dijelite putem linkedina<\/span><\/a><\/li><li class=\"iconOnly\"><a  rel='nofollow'  target='_blank'  title='Tweetaj o ovoj knjizi : Bioetika in vivo na Twitteru'  href=\"http:\/\/twitter.com\/share?url=http%3A%2F%2Fpergamena.hr%2F%3Fp%3D251&amp;text=Bioetika+in+vivo+-+\"  ><img  src='http:\/\/pergamena.hr\/proba\/wp-content\/plugins\/share-and-follow\/images\/blank.gif'  height='16' width='16'  class='image-16' alt='twitter'  style='background: transparent url(http:\/\/pergamena.hr\/proba\/wp-content\/plugins\/share-and-follow\/default\/16\/sprite-feb-16.png) no-repeat;padding:0;margin:0;height:16px;width:16px;background-position:-1105px 0px'   \/> <span class=\"head\">Tweetajte o ovoj knjizi<\/span><\/a><\/li><li class=\"iconOnly\"><a  rel='nofollow'  target='_self'  title='Ispi\u0161i stranicu : Bioetika in vivo za kasnije \u010ditanje'  href='javascript:window.print();'  ><img  src='http:\/\/pergamena.hr\/proba\/wp-content\/plugins\/share-and-follow\/images\/blank.gif'  height='16' width='16'  class='image-16' alt='print'  style='background: transparent url(http:\/\/pergamena.hr\/proba\/wp-content\/plugins\/share-and-follow\/default\/16\/sprite-feb-16.png) no-repeat;padding:0;margin:0;height:16px;width:16px;background-position:-884px 0px'   \/> <span class=\"head\">Ispi\u0161ite stranicu<\/span><\/a><\/li><li class=\"iconOnly\"><a rel=\"_self\" href=\"mailto:?subject=pergamena.hr%20\u2502%20Izdava\u010dka%20ku\u0107a%20iz%20Zagreba%20:%20Bioetika%20in%20vivo&amp;body=\u0160aljem%20Vam%20poveznicu%20preko%20internet%20stranice%20pergamena.hr%20na%20knjigu%20:%20%20%20http:\/\/pergamena.hr\/?p=251\" title=\"Preporu\u010di knjigu prijateljima : Bioetika in vivo e-mailom\"><img src=\"http:\/\/pergamena.hr\/proba\/wp-content\/plugins\/share-and-follow\/images\/blank.gif\" height=\"16\"  width=\"16\" style=\"background: transparent url(http:\/\/pergamena.hr\/proba\/wp-content\/plugins\/share-and-follow\/default\/16\/sprite-feb-16.png) no-repeat;padding:0;margin:0;height:16px;width:16px;background-position:-187px 0px\" class=\"image-16\"  alt=\"email\" \/> <span class=\"head\">Preporu\u010dite knjigu prijateljima<\/span><\/a><\/li><\/ul><div class=\"clean\"><\/div> <\/div>","protected":false},"excerpt":{"rendered":"<p>\u2022 \u00a0Autorica: Nada Gosi\u0107 \u2022 \u00a0Godina izdanja: 2005. \u2022 \u00a0Uvez:\u00a0tvrdi \u2022 \u00a0Dimenzije: 21 x 14 cm \u2022 \u00a0Broj stranica:\u00a0254 \u2022 \u00a0Cijena: \u20ac15,90 \/ 120,00 kn \u2022\u00a0\u00a0NARU\u010cI \u00a0\u2022 \u00a0 Podnaslov ove [&hellip;]<\/p>\n","protected":false},"author":1,"featured_media":730,"comment_status":"closed","ping_status":"open","sticky":false,"template":"","format":"standard","meta":[],"categories":[5,29],"tags":[],"_links":{"self":[{"href":"http:\/\/pergamena.hr\/index.php?rest_route=\/wp\/v2\/posts\/251"}],"collection":[{"href":"http:\/\/pergamena.hr\/index.php?rest_route=\/wp\/v2\/posts"}],"about":[{"href":"http:\/\/pergamena.hr\/index.php?rest_route=\/wp\/v2\/types\/post"}],"author":[{"embeddable":true,"href":"http:\/\/pergamena.hr\/index.php?rest_route=\/wp\/v2\/users\/1"}],"replies":[{"embeddable":true,"href":"http:\/\/pergamena.hr\/index.php?rest_route=%2Fwp%2Fv2%2Fcomments&post=251"}],"version-history":[{"count":22,"href":"http:\/\/pergamena.hr\/index.php?rest_route=\/wp\/v2\/posts\/251\/revisions"}],"predecessor-version":[{"id":2826,"href":"http:\/\/pergamena.hr\/index.php?rest_route=\/wp\/v2\/posts\/251\/revisions\/2826"}],"wp:featuredmedia":[{"embeddable":true,"href":"http:\/\/pergamena.hr\/index.php?rest_route=\/wp\/v2\/media\/730"}],"wp:attachment":[{"href":"http:\/\/pergamena.hr\/index.php?rest_route=%2Fwp%2Fv2%2Fmedia&parent=251"}],"wp:term":[{"taxonomy":"category","embeddable":true,"href":"http:\/\/pergamena.hr\/index.php?rest_route=%2Fwp%2Fv2%2Fcategories&post=251"},{"taxonomy":"post_tag","embeddable":true,"href":"http:\/\/pergamena.hr\/index.php?rest_route=%2Fwp%2Fv2%2Ftags&post=251"}],"curies":[{"name":"wp","href":"https:\/\/api.w.org\/{rel}","templated":true}]}}