{"id":245,"date":"2006-08-26T19:57:28","date_gmt":"2006-08-26T17:57:28","guid":{"rendered":"http:\/\/pergamena.hr\/proba\/?p=245"},"modified":"2023-01-29T21:13:28","modified_gmt":"2023-01-29T20:13:28","slug":"bioetika-i-biomedicina","status":"publish","type":"post","link":"http:\/\/pergamena.hr\/?p=245","title":{"rendered":"Bioetika i biomedicina"},"content":{"rendered":"<div style=\"float:right;padding: 0 0 10px 10px\" class=\"interactive_right\"><div class='button_holder_right'><iframe src=\"http:\/\/www.facebook.com\/plugins\/like.php?href=http%3A%2F%2Fpergamena.hr%2F%3Fp%3D245&amp;layout=standard&amp;show_faces=false&amp;width=75&amp;action=recommend&amp;font=arial&amp;colorscheme=dark&amp;height=31\" scrolling=\"no\" frameborder=\"0\" style=\"border:none; overflow:hidden; width:75px; height:31px;\" allowTransparency=\"true\"><\/iframe><\/div><\/div><p><a href=\"http:\/\/pergamena.hr\/proba\/wp-content\/uploads\/2006\/08\/Bioetika-i-biomedicina-naslovna.jpg\"><img decoding=\"async\" loading=\"lazy\" class=\"alignleft size-full wp-image-707\" title=\"Bioetika i biomedicina - naslovna\" src=\"http:\/\/pergamena.hr\/proba\/wp-content\/uploads\/2006\/08\/Bioetika-i-biomedicina-naslovna.jpg\" alt=\"\" width=\"197\" height=\"270\" srcset=\"http:\/\/pergamena.hr\/proba\/wp-content\/uploads\/2006\/08\/Bioetika-i-biomedicina-naslovna.jpg 197w, http:\/\/pergamena.hr\/proba\/wp-content\/uploads\/2006\/08\/Bioetika-i-biomedicina-naslovna-184x252.jpg 184w, http:\/\/pergamena.hr\/proba\/wp-content\/uploads\/2006\/08\/Bioetika-i-biomedicina-naslovna-130x178.jpg 130w, http:\/\/pergamena.hr\/proba\/wp-content\/uploads\/2006\/08\/Bioetika-i-biomedicina-naslovna-61x83.jpg 61w, http:\/\/pergamena.hr\/proba\/wp-content\/uploads\/2006\/08\/Bioetika-i-biomedicina-naslovna-45x61.jpg 45w, http:\/\/pergamena.hr\/proba\/wp-content\/uploads\/2006\/08\/Bioetika-i-biomedicina-naslovna-109x149.jpg 109w\" sizes=\"(max-width: 197px) 100vw, 197px\" \/><\/a><\/p>\n<p><strong>\u2022 \u00a0<\/strong>Autorica: <strong>Ljiljana Zergollern &#8211; \u010cupak<\/strong><br \/>\n<strong>\u2022 \u00a0<\/strong>Godina izdanja: <strong>2006.<\/strong><br \/>\n<strong>\u2022 \u00a0<\/strong>Uvez: <strong>tvrdi<\/strong><br \/>\n<strong>\u2022 \u00a0<\/strong>Dimenzije: <strong>22.5 x 16.5 cm<\/strong><br \/>\n<strong>\u2022 \u00a0<\/strong>Broj stranica: <strong>286<\/strong><br \/>\n<strong>\u2022 \u00a0<\/strong>Cijena: <strong>\u20ac15,90<\/strong> \/ 120,00 kn<\/p>\n<p><strong><strong><strong>\u2022\u00a0\u00a0<a title=\"NARUD\u017dBA\" href=\"http:\/\/pergamena.hr\/?page_id=1138\">NARU\u010cI<\/a><strong> <strong>\u00a0\u2022<\/strong><\/strong><\/strong><br \/>\n<\/strong><\/strong><\/p>\n<blockquote>\n<p style=\"text-align: justify;\"><strong>Za\u0161to ova knjiga?<\/strong><br \/>\nZa\u0161to sam prihvatila sugestiju da skupim svoje radove napisane i razbacane po razli\u010ditim stru\u010dnim publikacijama, da ih popravim i sredim? Sad, kad imam vi\u0161e vremena, jer sam umirovljena, za\u0161to \u010dak i ja sama podsvjesno \u017eelim da ih sve zajedno &#8211; usprkos, povr\u0161no gledano, raznorodnosti tema &#8211; ipak sakupim i objavim? Odgovor je jednostavan. Prestankom desetljetnih aktivnosti, htjela bih bar ne\u010dim ispuniti prazninu nastalu prenaglim, gotovo prisilnim mirom duha koju je donijela neo\u010dekivano i brzo nastalo umirovljenje, a s njime i &#8220;tre\u0107e doba&#8221; \u017eivota. Kako mi je pisanje ve\u0107 u ranom djetinjstvu bila draga zabava (a i najlak\u0161i na\u010din izra\u017eavanja), tada sam pisala pjesmice, u pubertetu i adolescenciji sam tu svoju naviku pisanja nastavila za ratno vrijeme opasnim pisanjem dnevnika punog buntovnosti izazvane nepravdama ratnih zbivanja. Kasnije, kao mlada lije\u010dnica, radom u struci, mnogobrojnim stru\u010dnim i znanstvenim \u010dlancima unosila sam stimulativna osvje\u017eenja u rutinu izvr\u0161avanja dnevnih zadataka. Napokon, kao izraz stru\u010dne zrelosti i iskustva, u sljede\u0107oj fazi moga profesionalnog rada i sazrijevanja, pisala sam, jednu za drugom, stru\u010dne knjige, smatraju\u0107i da je to moja nastavna obveza, ali i potreba da se ispuni praznina koja je u nas postojala u mnogim oblastima stru\u010dne i znanstvene literature. \u017deljela sam dati &#8211; zajedno sa svojim suradnicima &#8211; na\u0161im \u0111acima i postdiplomandima mogu\u0107nost u\u010denja iz na\u0161ih monografija, ud\u017ebenika ili \u010dlanaka, na na\u0161em jeziku, pa da uz svjetska znanstvena zbivanja studenti upoznaju i na\u0161a iskustva i dostignu\u0107a u raznim oblastima biolo\u0161kih znanosti kojima sam se bavila (prvenstveno se radi o medicini, medicinskoj genetici i bioetici). Mislila sam, a mislim jo\u0161 i danas, da je to du\u017enost nas privilegiranih sretnika, koji smo imali mogu\u0107nost da nakon rata, u op\u0107em miru, dobijemo vi\u0161e obrazovanje ne samo u na\u0161oj, nego i u stranim znanstvenim sredinama. Mislila sam da smo mi pre\u017eivjeli du\u017eni pisati i objavljivati radi na\u0161ih mla\u0111ih, ali i radi (i umjesto) onih mnogobrojnih iz na\u0161e generacije, koji su ne\u017eeljeni rat platili svojim mladim, nedu\u017enim \u017eivotima. Kad sam preliminarno po\u010dela skupljati radove koje sada objavljujem, za\u010dudila sam se raznolikosti i raznovrsnosti tema koje su me zaokupljale: najprije i uvijek \u010dovjek i medicina, ali sve \u010de\u0161\u0107e i medicina povezana s komplementarnim joj znanostima. Jednom je to antropologija, drugi put genetika, humana, op\u0107a, klini\u010dka ili medicinska, potom eugenika, a onda etika i bioetika. Ovo mno\u0161tvo obra\u0111enih raznorodnih tema dokaz je da se medicinska znanost razvija, ali i da se, sukladno tome, bujaju\u0107i u jednoj oblasti, neminovno mora dijeliti na podgrupe ili subspecijalnosti. Raznorodnost mojih interesnih podru\u010dja tako\u0111er je dokaz za to da i ja kao stru\u010dnjak i znanstvenik sazrijevam, uvi\u0111aju\u0107i neophodnost stalnog educiranja i pra\u0107enja razvoja raznih znanosti, a ne uskog, jednostranog interesa za samo jednu struku, jedan vid znanosti. S druge strane, svojim sam intelektualnim sazrijevanjem sve \u010de\u0161\u0107e uo\u010davala i potvr\u0111ivala \u010dinjenicu da se znanosti isprepli\u0107u, pa nije rijetkost da prirodna znanost, kakva je moja medicina, ne isklju\u010duje potrebu, zapravo upozorava na neophodnost poznavanja i drugih domena, recimo, dru\u0161tvenih znanosti, filozofije s etikom u prvom redu, ali i tehnike, religije&#8230;<br \/>\n<strong>Ljiljana Zergollern-\u010cupak<\/strong><\/p>\n<\/blockquote>\n<div class='shareinpost'><ul class=\"socialwrap row\"><li class=\"iconOnly share\">Preporu\u010di putem :<\/li><li class=\"iconOnly\"><a  rel='nofollow'  target='_blank'  title='Preporu\u010di knjigu : Bioetika i biomedicina na Facebooku'  href='http:\/\/www.facebook.com\/sharer.php?u=http%3A%2F%2Fpergamena.hr%2F%3Fp%3D245&amp;t=Bioetika+i+biomedicina'  ><img  src='http:\/\/pergamena.hr\/proba\/wp-content\/plugins\/share-and-follow\/images\/blank.gif'  height='16' width='16'  class='image-16' alt='facebook'  style='background: transparent url(http:\/\/pergamena.hr\/proba\/wp-content\/plugins\/share-and-follow\/default\/16\/sprite-feb-16.png) no-repeat;padding:0;margin:0;height:16px;width:16px;background-position:-204px 0px'   \/> <span class=\"head\">Preporu\u010di knjigu<\/span><\/a><\/li><li class=\"iconOnly\"><a  rel='nofollow'  target='_blank'  title='Dijeli : Bioetika i biomedicina na google plus'  href='https:\/\/plusone.google.com\/_\/+1\/confirm?hl=en&amp;url=http%3A%2F%2Fpergamena.hr%2F%3Fp%3D245&amp;title=Bioetika+i+biomedicina'  ><img  src='http:\/\/pergamena.hr\/proba\/wp-content\/plugins\/share-and-follow\/images\/blank.gif'  height='16' width='16'  class='image-16' alt='gplus'  style='background: transparent url(http:\/\/pergamena.hr\/proba\/wp-content\/plugins\/share-and-follow\/default\/16\/sprite-feb-16.png) no-repeat;padding:0;margin:0;height:16px;width:16px;background-position:-425px 0px'   \/> <span class=\"head\">Dijeli na google plus<\/span><\/a><\/li><li class=\"iconOnly\"><a  rel='nofollow'  target='_blank'  title='Dijeli : Bioetika i biomedicina na Linkedinu'  href='http:\/\/www.linkedin.com\/shareArticle?mini=true&amp;url=http%3A%2F%2Fpergamena.hr%2F%3Fp%3D245&amp;title=Bioetika+i+biomedicina&amp;summary=%0A%0A%E2%80%A2+%C2%A0Autorica%3A+Ljiljana+Zergollern+-+%C4%8Cupak%0A%E2%80%A2+%C2%A0Godina+izdanja%3A+2006.%0A%E2%80%A2+%C2%A0Uvez%3A+tvrdi%0A%E2%80%A2+%C2%A0Dimenzije%3A+22.5+x+16.5+cm%0A%E2%80%A2+%C2%A0Broj+stranica%3A+286%0A%E2%80%A2+%C2%A0Cijena%3A+%E2%82%AC15%2C90+%2F+120%2C00+kn%0A%0A%E2%80%A2%C2%A0%C2%A0NARU%C4%8CI+%C2%A0%E2%80%A2%0A%0A%0AZa%C5%A1to+ova+knjiga%3F%0AZa%C5%A1to+sam+prihvatila+sugestiju+da+skupim+svoje+radove+napisane+i+razbacane+po+razli%C4%8Ditim+s'  ><img  src='http:\/\/pergamena.hr\/proba\/wp-content\/plugins\/share-and-follow\/images\/blank.gif'  height='16' width='16'  class='image-16' alt='linkedin'  style='background: transparent url(http:\/\/pergamena.hr\/proba\/wp-content\/plugins\/share-and-follow\/default\/16\/sprite-feb-16.png) no-repeat;padding:0;margin:0;height:16px;width:16px;background-position:-578px 0px'   \/> <span class=\"head\">Dijelite putem linkedina<\/span><\/a><\/li><li class=\"iconOnly\"><a  rel='nofollow'  target='_blank'  title='Tweetaj o ovoj knjizi : Bioetika i biomedicina na Twitteru'  href=\"http:\/\/twitter.com\/share?url=http%3A%2F%2Fpergamena.hr%2F%3Fp%3D245&amp;text=Bioetika+i+biomedicina+-+\"  ><img  src='http:\/\/pergamena.hr\/proba\/wp-content\/plugins\/share-and-follow\/images\/blank.gif'  height='16' width='16'  class='image-16' alt='twitter'  style='background: transparent url(http:\/\/pergamena.hr\/proba\/wp-content\/plugins\/share-and-follow\/default\/16\/sprite-feb-16.png) no-repeat;padding:0;margin:0;height:16px;width:16px;background-position:-1105px 0px'   \/> <span class=\"head\">Tweetajte o ovoj knjizi<\/span><\/a><\/li><li class=\"iconOnly\"><a  rel='nofollow'  target='_self'  title='Ispi\u0161i stranicu : Bioetika i biomedicina za kasnije \u010ditanje'  href='javascript:window.print();'  ><img  src='http:\/\/pergamena.hr\/proba\/wp-content\/plugins\/share-and-follow\/images\/blank.gif'  height='16' width='16'  class='image-16' alt='print'  style='background: transparent url(http:\/\/pergamena.hr\/proba\/wp-content\/plugins\/share-and-follow\/default\/16\/sprite-feb-16.png) no-repeat;padding:0;margin:0;height:16px;width:16px;background-position:-884px 0px'   \/> <span class=\"head\">Ispi\u0161ite stranicu<\/span><\/a><\/li><li class=\"iconOnly\"><a rel=\"_self\" href=\"mailto:?subject=pergamena.hr%20\u2502%20Izdava\u010dka%20ku\u0107a%20iz%20Zagreba%20:%20Bioetika%20i%20biomedicina&amp;body=\u0160aljem%20Vam%20poveznicu%20preko%20internet%20stranice%20pergamena.hr%20na%20knjigu%20:%20%20%20http:\/\/pergamena.hr\/?p=245\" title=\"Preporu\u010di knjigu prijateljima : Bioetika i biomedicina e-mailom\"><img src=\"http:\/\/pergamena.hr\/proba\/wp-content\/plugins\/share-and-follow\/images\/blank.gif\" height=\"16\"  width=\"16\" style=\"background: transparent url(http:\/\/pergamena.hr\/proba\/wp-content\/plugins\/share-and-follow\/default\/16\/sprite-feb-16.png) no-repeat;padding:0;margin:0;height:16px;width:16px;background-position:-187px 0px\" class=\"image-16\"  alt=\"email\" \/> <span class=\"head\">Preporu\u010dite knjigu prijateljima<\/span><\/a><\/li><\/ul><div class=\"clean\"><\/div> <\/div>","protected":false},"excerpt":{"rendered":"<p>\u2022 \u00a0Autorica: Ljiljana Zergollern &#8211; \u010cupak \u2022 \u00a0Godina izdanja: 2006. \u2022 \u00a0Uvez: tvrdi \u2022 \u00a0Dimenzije: 22.5 x 16.5 cm \u2022 \u00a0Broj stranica: 286 \u2022 \u00a0Cijena: \u20ac15,90 \/ 120,00 kn \u2022\u00a0\u00a0NARU\u010cI [&hellip;]<\/p>\n","protected":false},"author":1,"featured_media":707,"comment_status":"closed","ping_status":"open","sticky":false,"template":"","format":"standard","meta":[],"categories":[5,41],"tags":[],"_links":{"self":[{"href":"http:\/\/pergamena.hr\/index.php?rest_route=\/wp\/v2\/posts\/245"}],"collection":[{"href":"http:\/\/pergamena.hr\/index.php?rest_route=\/wp\/v2\/posts"}],"about":[{"href":"http:\/\/pergamena.hr\/index.php?rest_route=\/wp\/v2\/types\/post"}],"author":[{"embeddable":true,"href":"http:\/\/pergamena.hr\/index.php?rest_route=\/wp\/v2\/users\/1"}],"replies":[{"embeddable":true,"href":"http:\/\/pergamena.hr\/index.php?rest_route=%2Fwp%2Fv2%2Fcomments&post=245"}],"version-history":[{"count":23,"href":"http:\/\/pergamena.hr\/index.php?rest_route=\/wp\/v2\/posts\/245\/revisions"}],"predecessor-version":[{"id":2823,"href":"http:\/\/pergamena.hr\/index.php?rest_route=\/wp\/v2\/posts\/245\/revisions\/2823"}],"wp:featuredmedia":[{"embeddable":true,"href":"http:\/\/pergamena.hr\/index.php?rest_route=\/wp\/v2\/media\/707"}],"wp:attachment":[{"href":"http:\/\/pergamena.hr\/index.php?rest_route=%2Fwp%2Fv2%2Fmedia&parent=245"}],"wp:term":[{"taxonomy":"category","embeddable":true,"href":"http:\/\/pergamena.hr\/index.php?rest_route=%2Fwp%2Fv2%2Fcategories&post=245"},{"taxonomy":"post_tag","embeddable":true,"href":"http:\/\/pergamena.hr\/index.php?rest_route=%2Fwp%2Fv2%2Ftags&post=245"}],"curies":[{"name":"wp","href":"https:\/\/api.w.org\/{rel}","templated":true}]}}