{"id":2271,"date":"2018-05-26T00:04:49","date_gmt":"2018-05-25T23:04:49","guid":{"rendered":"http:\/\/pergamena.hr\/?p=2271"},"modified":"2024-02-01T22:57:30","modified_gmt":"2024-02-01T21:57:30","slug":"bioeticka-europa-naseg-doba","status":"publish","type":"post","link":"http:\/\/pergamena.hr\/?p=2271","title":{"rendered":"Bioeti\u010dka Europa na\u0161eg doba"},"content":{"rendered":"<div style=\"float:right;padding: 0 0 10px 10px\" class=\"interactive_right\"><div class='button_holder_right'><iframe src=\"http:\/\/www.facebook.com\/plugins\/like.php?href=http%3A%2F%2Fpergamena.hr%2F%3Fp%3D2271&amp;layout=standard&amp;show_faces=false&amp;width=75&amp;action=recommend&amp;font=arial&amp;colorscheme=dark&amp;height=31\" scrolling=\"no\" frameborder=\"0\" style=\"border:none; overflow:hidden; width:75px; height:31px;\" allowTransparency=\"true\"><\/iframe><\/div><\/div><p style=\"padding-left: 30px;\"><a href=\"http:\/\/pergamena.hr\/proba\/wp-content\/uploads\/2018\/05\/Bioeticka-Europa-naseg-doba_naslovna_.jpg\"><img decoding=\"async\" loading=\"lazy\" class=\"alignleft size-full wp-image-2272\" src=\"http:\/\/pergamena.hr\/proba\/wp-content\/uploads\/2018\/05\/Bioeticka-Europa-naseg-doba_naslovna_.jpg\" alt=\"\" width=\"180\" height=\"270\" \/><\/a><\/p>\n<p>\u2022 Autori: <b>Amir Muzur \/ Iva Rin\u010di\u0107<\/b><br \/>\n\u2022 Godina izdanja: <b>2018. <\/b><br \/>\n\u2022 Uvez: <b>tvrdi <\/b><br \/>\n\u2022 Dimenzije:<b> 21.2 x 14.3 cm <\/b><br \/>\n\u2022 Broj stranica: <b>185<\/b><br \/>\n\u2022 Cijena: <strong>\u20ac19,90<\/strong> \/ 150,00 kn<\/p>\n<p><b>\u2022 <\/b><b><a title=\"NARUD\u017dBA\" href=\"http:\/\/pergamena.hr\/?page_id=1138\">NARU\u010cI<\/a><\/b><b> \u2022<\/b><\/p>\n<blockquote>\n<p style=\"text-align: left;\">Metafora otoka odavno se koristi u bioetici, barem u Hrvatskoj: ne samo da je Hrvatsko bioeti\u010dko dru\u0161tvo registrirano na Lo\u0161inju, da se ondje ve\u0107 gotovo dva desetlje\u0107a odr\u017eavaju najzna\u010dajniji susreti bioeti\u010dara \u0161ire regije, da su tu nastale i neke utjecajne deklaracije i ideje, ve\u0107 je oto\u010dnost i ina\u010de po mnogo\u010demu svojstvena bioeti\u010darima kao zagovornicima napu\u0161tenih ili jo\u0161 nedovoljno osvije\u0161tenih vrijednosti i stavova. Osim toga, \u010ditava ova knjiga svjesno po\u010diva na maritimnim aluzijama nepredvidljivosti struja, privremenosti sidri\u0161ta i nepresudnosti kormilara: ne samo da si laskamo da nas, primorce, more \u010dini otvorenijima od drugih, ve\u0107 nam se \u010dini da upravo mare nostrum mo\u017ee koje\u0161ta objasniti u povijesti, pa i budu\u0107nosti bioetike koju zagovaramo.<br \/>\nJedno od otkri\u0107a koje mo\u017ee zbuniti um odgajan u objektivnim znanostima zasnovanim na dokazima, jest nevjerojatna raznolikost bioeti\u010dkih struja svojstvena osobito dana\u0161njoj Europi. O \u010demu ovisi kojoj \u0107e se struji neki pojedinac ili institucija prikloniti? Vjerojatno je za to odgovorno vi\u0161e \u010dimbenika: neki tragaju za novim i \u017eele u tome biti prvi, drugi vi\u0161e vole ustrajati na vlastitom putu odnosno putu koji su prihvatili i naslijedili, a tre\u0107i jednostavno ne \u017eele imati i\u0161ta zajedni\u010dko s drugima, pa se odlu\u010duju za ono \u010dime se drugi ne bave. Mogu\u0107e je da u nekim slu\u010dajevima ulogu igraju i interesi ve\u0107ih skupina: kako bilo da bilo, struje razvoja bioetike po\u010detkom XXI. stolje\u0107a poprili\u010dno su podijelile bioeti\u010dare,<br \/>\nponekad do razmjera pravih ideolo\u0161kih ratova. Ne radi se ovdje o ratu profesija: na strani integrativnih bioeti\u010dara i bio-medicinskih eti\u010dara ima jednako lije\u010dnika, filozofa i teologa. Ovdje se radi o ratovima institucija, \u010dasopisa, konferencija i ljudi, donekle sljedbeni\u010dki svrstanih oko sredi\u0161njih autoriteta, ali ponajprije oko kulturnih i jezi\u010dnih preferenci. Ho\u0107emo li jednoga dana doznati za neke dublje politi\u010dke, diplomatske i ekonomske razloge za\u0161to je netko ne\u0161to zagovarao, ko\u010dio ili ignorirao (kao \u0161to smo, zahvaljuju\u0107i WikiLeaksu, doznali o akterima ratova oko GMO-a, primjerice), te\u0161ko je re\u0107i, ali je sigurno da se sve struje ne\u0107e same od sebe stopiti dokidaju\u0107i antagonizme. \u010cinjenica je da American Journal of Bioethics 2011. ne\u0107e objaviti \u010dlanak o Fritzu Jahru pod \u00bbobrazlo\u017eenjem\u00ab da je u tom \u010dasopisu pisano o Potteru. Nekoliko godina kasnije, spomen Jahra u tom je \u010dasopisu velikodu\u0161no dozvoljen<br \/>\nvoditeljici Obamina savjeta za bioeti\u010dka pitanja, ali je tada odbijen uobi\u010dajeni \u010dlanak-komentar europskih bioeti\u010dara. O \u010dasopisima koje izdaju Kennedy Institute of Ethics ili Hastings Center da ne govorimo, kao ni o Developing World Bioethics ili Bioethics, koji, pod istim urednikom, objavljuju napade na hrvatsku bioeti\u010dku inovaciju (u dubokom neznanju, Hrvatsku o\u010dito tretiraju\u0107i dijelom \u00bbsvijeta u razvoju\u00ab). Potterove knjige, opet, ne\u0107ete na\u0107i na policama knji\u017enice georgetownskog Instituta, kao ni njegov spomen na slu\u017ebenim mre\u017enim stranicama. Selektivan pristup veli\u010danju odnosno ignoriranju pionira bioetike uobi\u010dajen je u SAD-u i prakticiraju ga mnoge dosada\u0161nje \u00bbpovijesti\u00ab, od Jonsena do Stevensove.<br \/>\nS heraklitovsko-heisenbergovskom skepsom daje to uop\u0107e mogu\u0107e, a opet, s iskrenim divljenjem utemeljenim na dugogodi\u0161njem motrenju iz blizine, mi smo se latili opisa i analize fenomena recentne europske bioeti\u010dke diverzifikacije (izbjegavat \u0107emo rije\u010d \u00bbrazvoj\u00ab, budu\u0107i da u tom fenomenu ima manje linearnog, a jo\u0161 manje unilineamog, pa pojava vi\u0161e nalikuje vatrometnoj eksploziji nego pruzi). Pritom nas u analizi nije zanimala bioetika koja to nije &#8211; dakle, su\u017eena, pojednostavljena, antropocentri\u010dna i stoga nepotpuna tzv. \u00bbnova medicinska etika\u00ab &#8211; ve\u0107 samo namjerni ili slu\u010dajni proplamsaji sveobuhvatne etike \u017eivota, \u00bb\u017eivota u cjelini i u svakom od dijelova te cjeline, \u017eivota u svim njegovim oblicima, stupnjevima, fazama i pojavnostima\u00ab, kako bi rekao Hrvoje Juri\u0107. Naravno, mo\u017eemo se zapitati i za\u0161to bi nas neodredivost uop\u0107e trebala optere\u0107ivati? \u010cak i ako je (europska) bioetika namjerno nedore\u010den pojam (da parafraziramo T. Engelhardta), \u010dak i ako je vi\u0161e religija nego znanost (kako potkraj \u017eivota tvrdi Potter), njene su uporabe i zloporabe toliko indikativne, o\u010dekivanja od nje toliko razli\u010dita i intrigantna, a potencijal formalne i sadr\u017eajne subjektivizacije toliko velik da se svaka plovidba njome pretvara u prvorazrednu intelektualnu avanturu i suprotnost dosadi \u00bbbiomedicinske etike\u00ab koju je insajderski razotkrio Albert Jonsen ba\u0161 kao dijete Andersenova gologa cara. <b>(Umjesto predgovora: Kako je po\u010deo rat na na\u0161em bioeti\u010dkom otoku)<\/b><\/p>\n<\/blockquote>\n<div class='shareinpost'><ul class=\"socialwrap row\"><li class=\"iconOnly share\">Preporu\u010di putem :<\/li><li class=\"iconOnly\"><a  rel='nofollow'  target='_blank'  title='Preporu\u010di knjigu : Bioeti\u010dka Europa na\u0161eg doba na Facebooku'  href='http:\/\/www.facebook.com\/sharer.php?u=http%3A%2F%2Fpergamena.hr%2F%3Fp%3D2271&amp;t=Bioeti%C4%8Dka+Europa+na%C5%A1eg+doba'  ><img  src='http:\/\/pergamena.hr\/proba\/wp-content\/plugins\/share-and-follow\/images\/blank.gif'  height='16' width='16'  class='image-16' alt='facebook'  style='background: transparent url(http:\/\/pergamena.hr\/proba\/wp-content\/plugins\/share-and-follow\/default\/16\/sprite-feb-16.png) no-repeat;padding:0;margin:0;height:16px;width:16px;background-position:-204px 0px'   \/> <span class=\"head\">Preporu\u010di knjigu<\/span><\/a><\/li><li class=\"iconOnly\"><a  rel='nofollow'  target='_blank'  title='Dijeli : Bioeti\u010dka Europa na\u0161eg doba na google plus'  href='https:\/\/plusone.google.com\/_\/+1\/confirm?hl=en&amp;url=http%3A%2F%2Fpergamena.hr%2F%3Fp%3D2271&amp;title=Bioeti%C4%8Dka+Europa+na%C5%A1eg+doba'  ><img  src='http:\/\/pergamena.hr\/proba\/wp-content\/plugins\/share-and-follow\/images\/blank.gif'  height='16' width='16'  class='image-16' alt='gplus'  style='background: transparent url(http:\/\/pergamena.hr\/proba\/wp-content\/plugins\/share-and-follow\/default\/16\/sprite-feb-16.png) no-repeat;padding:0;margin:0;height:16px;width:16px;background-position:-425px 0px'   \/> <span class=\"head\">Dijeli na google plus<\/span><\/a><\/li><li class=\"iconOnly\"><a  rel='nofollow'  target='_blank'  title='Dijeli : Bioeti\u010dka Europa na\u0161eg doba na Linkedinu'  href='http:\/\/www.linkedin.com\/shareArticle?mini=true&amp;url=http%3A%2F%2Fpergamena.hr%2F%3Fp%3D2271&amp;title=Bioeti%C4%8Dka+Europa+na%C5%A1eg+doba&amp;summary=%0A%0A%0A%E2%80%A2+Autori%3A+Amir+Muzur+%2F+Iva+Rin%C4%8Di%C4%87%0A%E2%80%A2+Godina+izdanja%3A+2018.+%0A%E2%80%A2+Uvez%3A+tvrdi+%0A%E2%80%A2+Dimenzije%3A+21.2+x+14.3+cm+%0A%E2%80%A2+Broj+stranica%3A+185%0A%E2%80%A2+Cijena%3A+%E2%82%AC19%2C90+%2F+150%2C00+kn%0A%0A%E2%80%A2+NARU%C4%8CI+%E2%80%A2%0A%0AMetafora+otoka+odavno+se+koristi+u+bioetici%2C+barem+u+Hrvatskoj%3A+ne+samo+da+je+Hrvatsko+bioeti%C4%8Dko+dru%C5%A1tvo+registrirano+na+Lo%C5%A1inj'  ><img  src='http:\/\/pergamena.hr\/proba\/wp-content\/plugins\/share-and-follow\/images\/blank.gif'  height='16' width='16'  class='image-16' alt='linkedin'  style='background: transparent url(http:\/\/pergamena.hr\/proba\/wp-content\/plugins\/share-and-follow\/default\/16\/sprite-feb-16.png) no-repeat;padding:0;margin:0;height:16px;width:16px;background-position:-578px 0px'   \/> <span class=\"head\">Dijelite putem linkedina<\/span><\/a><\/li><li class=\"iconOnly\"><a  rel='nofollow'  target='_blank'  title='Tweetaj o ovoj knjizi : Bioeti\u010dka Europa na\u0161eg doba na Twitteru'  href=\"http:\/\/twitter.com\/share?url=http%3A%2F%2Fpergamena.hr%2F%3Fp%3D2271&amp;text=Bioeti%C4%8Dka+Europa+na%C5%A1eg+doba+-+\"  ><img  src='http:\/\/pergamena.hr\/proba\/wp-content\/plugins\/share-and-follow\/images\/blank.gif'  height='16' width='16'  class='image-16' alt='twitter'  style='background: transparent url(http:\/\/pergamena.hr\/proba\/wp-content\/plugins\/share-and-follow\/default\/16\/sprite-feb-16.png) no-repeat;padding:0;margin:0;height:16px;width:16px;background-position:-1105px 0px'   \/> <span class=\"head\">Tweetajte o ovoj knjizi<\/span><\/a><\/li><li class=\"iconOnly\"><a  rel='nofollow'  target='_self'  title='Ispi\u0161i stranicu : Bioeti\u010dka Europa na\u0161eg doba za kasnije \u010ditanje'  href='javascript:window.print();'  ><img  src='http:\/\/pergamena.hr\/proba\/wp-content\/plugins\/share-and-follow\/images\/blank.gif'  height='16' width='16'  class='image-16' alt='print'  style='background: transparent url(http:\/\/pergamena.hr\/proba\/wp-content\/plugins\/share-and-follow\/default\/16\/sprite-feb-16.png) no-repeat;padding:0;margin:0;height:16px;width:16px;background-position:-884px 0px'   \/> <span class=\"head\">Ispi\u0161ite stranicu<\/span><\/a><\/li><li class=\"iconOnly\"><a rel=\"_self\" href=\"mailto:?subject=pergamena.hr%20\u2502%20Izdava\u010dka%20ku\u0107a%20iz%20Zagreba%20:%20Bioeti\u010dka%20Europa%20na\u0161eg%20doba&amp;body=\u0160aljem%20Vam%20poveznicu%20preko%20internet%20stranice%20pergamena.hr%20na%20knjigu%20:%20%20%20http:\/\/pergamena.hr\/?p=2271\" title=\"Preporu\u010di knjigu prijateljima : Bioeti\u010dka Europa na\u0161eg doba e-mailom\"><img src=\"http:\/\/pergamena.hr\/proba\/wp-content\/plugins\/share-and-follow\/images\/blank.gif\" height=\"16\"  width=\"16\" style=\"background: transparent url(http:\/\/pergamena.hr\/proba\/wp-content\/plugins\/share-and-follow\/default\/16\/sprite-feb-16.png) no-repeat;padding:0;margin:0;height:16px;width:16px;background-position:-187px 0px\" class=\"image-16\"  alt=\"email\" \/> <span class=\"head\">Preporu\u010dite knjigu prijateljima<\/span><\/a><\/li><\/ul><div class=\"clean\"><\/div> <\/div>","protected":false},"excerpt":{"rendered":"<p>\u2022 Autori: Amir Muzur \/ Iva Rin\u010di\u0107 \u2022 Godina izdanja: 2018. \u2022 Uvez: tvrdi \u2022 Dimenzije: 21.2 x 14.3 cm \u2022 Broj stranica: 185 \u2022 Cijena: \u20ac19,90 \/ 150,00 kn [&hellip;]<\/p>\n","protected":false},"author":7,"featured_media":2272,"comment_status":"closed","ping_status":"open","sticky":false,"template":"","format":"standard","meta":[],"categories":[5,39,84],"tags":[],"_links":{"self":[{"href":"http:\/\/pergamena.hr\/index.php?rest_route=\/wp\/v2\/posts\/2271"}],"collection":[{"href":"http:\/\/pergamena.hr\/index.php?rest_route=\/wp\/v2\/posts"}],"about":[{"href":"http:\/\/pergamena.hr\/index.php?rest_route=\/wp\/v2\/types\/post"}],"author":[{"embeddable":true,"href":"http:\/\/pergamena.hr\/index.php?rest_route=\/wp\/v2\/users\/7"}],"replies":[{"embeddable":true,"href":"http:\/\/pergamena.hr\/index.php?rest_route=%2Fwp%2Fv2%2Fcomments&post=2271"}],"version-history":[{"count":7,"href":"http:\/\/pergamena.hr\/index.php?rest_route=\/wp\/v2\/posts\/2271\/revisions"}],"predecessor-version":[{"id":2787,"href":"http:\/\/pergamena.hr\/index.php?rest_route=\/wp\/v2\/posts\/2271\/revisions\/2787"}],"wp:featuredmedia":[{"embeddable":true,"href":"http:\/\/pergamena.hr\/index.php?rest_route=\/wp\/v2\/media\/2272"}],"wp:attachment":[{"href":"http:\/\/pergamena.hr\/index.php?rest_route=%2Fwp%2Fv2%2Fmedia&parent=2271"}],"wp:term":[{"taxonomy":"category","embeddable":true,"href":"http:\/\/pergamena.hr\/index.php?rest_route=%2Fwp%2Fv2%2Fcategories&post=2271"},{"taxonomy":"post_tag","embeddable":true,"href":"http:\/\/pergamena.hr\/index.php?rest_route=%2Fwp%2Fv2%2Ftags&post=2271"}],"curies":[{"name":"wp","href":"https:\/\/api.w.org\/{rel}","templated":true}]}}