{"id":2200,"date":"2015-08-25T18:03:47","date_gmt":"2015-08-25T17:03:47","guid":{"rendered":"http:\/\/pergamena.hr\/?p=2200"},"modified":"2024-02-01T22:58:29","modified_gmt":"2024-02-01T21:58:29","slug":"geneticki-modificirani-usjevi-kao-bioeticki-problem","status":"publish","type":"post","link":"http:\/\/pergamena.hr\/?p=2200","title":{"rendered":"Geneti\u010dki modificirani usjevi kao bioeti\u010dki problem"},"content":{"rendered":"<div style=\"float:right;padding: 0 0 10px 10px\" class=\"interactive_right\"><div class='button_holder_right'><iframe src=\"http:\/\/www.facebook.com\/plugins\/like.php?href=http%3A%2F%2Fpergamena.hr%2F%3Fp%3D2200&amp;layout=standard&amp;show_faces=false&amp;width=75&amp;action=recommend&amp;font=arial&amp;colorscheme=dark&amp;height=31\" scrolling=\"no\" frameborder=\"0\" style=\"border:none; overflow:hidden; width:75px; height:31px;\" allowTransparency=\"true\"><\/iframe><\/div><\/div><p><a href=\"http:\/\/pergamena.hr\/proba\/wp-content\/uploads\/2015\/08\/Geneticki-modificirani-usjevi-naslovna270-190.jpg\"><img decoding=\"async\" loading=\"lazy\" class=\"alignleft size-full wp-image-2201\" src=\"http:\/\/pergamena.hr\/proba\/wp-content\/uploads\/2015\/08\/Geneticki-modificirani-usjevi-naslovna270-190.jpg\" alt=\"Geneticki modificirani usjevi naslovna270-190\" width=\"191\" height=\"270\" \/><\/a><\/p>\n<p>\u2022 \u00a0Autor:\u00a0<strong>Ivica Kelam<\/strong><br \/>\n\u2022 \u00a0Godina izdanja:\u00a0<strong>2015. \u00a0<\/strong><br \/>\n\u2022 \u00a0Uvez:\u00a0<strong>tvrdi \u00a0<\/strong><br \/>\n\u2022\u00a0 Dimenzije:<strong>\u00a023.7 x 17.5 cm \u00a0<\/strong><br \/>\n\u2022\u00a0 Broj stranica:\u00a0<strong>497<\/strong><br \/>\n\u2022 \u00a0Cijena: <strong>\u20ac46,50<\/strong> \/ 350,00 kn<\/p>\n<p><strong>\u2022 \u00a0<a title=\"NARUD\u017dBA\" href=\"http:\/\/pergamena.hr\/?page_id=1138\">NARU\u010cI<\/a><strong>\u00a0<strong>\u00a0\u2022<\/strong><\/strong><\/strong><\/p>\n<blockquote>\n<p style=\"text-align: justify;\">Znanost koja je u slu\u017ebi geneti\u010dki modificiranih usjeva pru\u017ea nam kaleidoskop dvosmislenosti i proturje\u010dja, \u010desto ograni\u010denih cenzurom, korporativnim utjecajem i partikularnim interesima. Ve\u0107ina utjecajnih znanstvenih radova koji su uva\u017eavani u procesu reguliranja tehnologije geneti\u010dkog modificiranja bili su pro- biotehnolo\u0161ki nastrojeni i iskori\u0161teni za njeno promicanje. Stoga nije \u010dudno da su uo\u010dljive veze izme\u0111u korporativnog svijeta i vladinih agencija koje su zadu\u017eene za regulaciju geneti\u010dki modificiranih usjeva izazvale javni otpor i potaknule sumnji\u010davost kod obi\u010dnih gra\u0111ana.\u00a0(&#8230;)<\/p>\n<p style=\"text-align: justify;\">Tehnologija geneti\u010dkog modificiranja jasno je pokazala da tehnolo\u0161ka rje\u0161enja nametnuta odozgo ne mogu biti rje\u0161enje problema poput gladi u svijetu, nejednakosti ili devastacije okoli\u0161a. Potrebno je razvijati jednu novu osje\u0107ajnost koja \u0107e te\u017eiti o\u010duvanju i po\u0161tivanju \u017eivota, a ne utrci za profitom i destrukciji. U tome nam mo\u017ee pomo\u0107i integrativna bioetika s promjenom paradigme znanja od znanstvenog monoperspektivizma prema orijentacijskom pluriperspektivizmu. Umjesto geneti\u010dki modificirane, izvozno orijentirane, visoko industrijalizirane korporativne poljoprivrede, potrebna nam je decentralizirana, lokalno usmjerena ekolo\u0161ka poljoprivreda, koja \u0107e omogu\u0107iti ljudima zdravu i pristupa\u010dnu hranu uz istovremeno o\u010duvanje okoli\u0161a i bioraznolikosti. \u00a0<strong>(Iz Zaklju\u010dka)<\/strong><\/p>\n<p><strong>\u00a0<\/strong><\/p><\/blockquote>\n<div class='shareinpost'><ul class=\"socialwrap row\"><li class=\"iconOnly share\">Preporu\u010di putem :<\/li><li class=\"iconOnly\"><a  rel='nofollow'  target='_blank'  title='Preporu\u010di knjigu : Geneti\u010dki modificirani usjevi kao bioeti\u010dki problem na Facebooku'  href='http:\/\/www.facebook.com\/sharer.php?u=http%3A%2F%2Fpergamena.hr%2F%3Fp%3D2200&amp;t=Geneti%C4%8Dki+modificirani+usjevi+kao+bioeti%C4%8Dki+problem'  ><img  src='http:\/\/pergamena.hr\/proba\/wp-content\/plugins\/share-and-follow\/images\/blank.gif'  height='16' width='16'  class='image-16' alt='facebook'  style='background: transparent url(http:\/\/pergamena.hr\/proba\/wp-content\/plugins\/share-and-follow\/default\/16\/sprite-feb-16.png) no-repeat;padding:0;margin:0;height:16px;width:16px;background-position:-204px 0px'   \/> <span class=\"head\">Preporu\u010di knjigu<\/span><\/a><\/li><li class=\"iconOnly\"><a  rel='nofollow'  target='_blank'  title='Dijeli : Geneti\u010dki modificirani usjevi kao bioeti\u010dki problem na google plus'  href='https:\/\/plusone.google.com\/_\/+1\/confirm?hl=en&amp;url=http%3A%2F%2Fpergamena.hr%2F%3Fp%3D2200&amp;title=Geneti%C4%8Dki+modificirani+usjevi+kao+bioeti%C4%8Dki+problem'  ><img  src='http:\/\/pergamena.hr\/proba\/wp-content\/plugins\/share-and-follow\/images\/blank.gif'  height='16' width='16'  class='image-16' alt='gplus'  style='background: transparent url(http:\/\/pergamena.hr\/proba\/wp-content\/plugins\/share-and-follow\/default\/16\/sprite-feb-16.png) no-repeat;padding:0;margin:0;height:16px;width:16px;background-position:-425px 0px'   \/> <span class=\"head\">Dijeli na google plus<\/span><\/a><\/li><li class=\"iconOnly\"><a  rel='nofollow'  target='_blank'  title='Dijeli : Geneti\u010dki modificirani usjevi kao bioeti\u010dki problem na Linkedinu'  href='http:\/\/www.linkedin.com\/shareArticle?mini=true&amp;url=http%3A%2F%2Fpergamena.hr%2F%3Fp%3D2200&amp;title=Geneti%C4%8Dki+modificirani+usjevi+kao+bioeti%C4%8Dki+problem&amp;summary=%0A%0A%E2%80%A2+%C2%A0Autor%3A%C2%A0Ivica+Kelam%0A%E2%80%A2+%C2%A0Godina+izdanja%3A%C2%A02015.+%C2%A0%0A%E2%80%A2+%C2%A0Uvez%3A%C2%A0tvrdi+%C2%A0%0A%E2%80%A2%C2%A0+Dimenzije%3A%C2%A023.7+x+17.5+cm+%C2%A0%0A%E2%80%A2%C2%A0+Broj+stranica%3A%C2%A0497%0A%E2%80%A2+%C2%A0Cijena%3A+%E2%82%AC46%2C50+%2F+350%2C00+kn%0A%0A%E2%80%A2+%C2%A0NARU%C4%8CI%C2%A0%C2%A0%E2%80%A2%0A%0AZnanost+koja+je+u+slu%C5%BEbi+geneti%C4%8Dki+modificiranih+usjeva+pru%C5%BEa+nam+kaleidoskop+dvosmislenosti+i+proturje%C4%8Dja%2C+%C4%8Desto'  ><img  src='http:\/\/pergamena.hr\/proba\/wp-content\/plugins\/share-and-follow\/images\/blank.gif'  height='16' width='16'  class='image-16' alt='linkedin'  style='background: transparent url(http:\/\/pergamena.hr\/proba\/wp-content\/plugins\/share-and-follow\/default\/16\/sprite-feb-16.png) no-repeat;padding:0;margin:0;height:16px;width:16px;background-position:-578px 0px'   \/> <span class=\"head\">Dijelite putem linkedina<\/span><\/a><\/li><li class=\"iconOnly\"><a  rel='nofollow'  target='_blank'  title='Tweetaj o ovoj knjizi : Geneti\u010dki modificirani usjevi kao bioeti\u010dki problem na Twitteru'  href=\"http:\/\/twitter.com\/share?url=http%3A%2F%2Fpergamena.hr%2F%3Fp%3D2200&amp;text=Geneti%C4%8Dki+modificirani+usjevi+kao+bioeti%C4%8Dki+problem+-+\"  ><img  src='http:\/\/pergamena.hr\/proba\/wp-content\/plugins\/share-and-follow\/images\/blank.gif'  height='16' width='16'  class='image-16' alt='twitter'  style='background: transparent url(http:\/\/pergamena.hr\/proba\/wp-content\/plugins\/share-and-follow\/default\/16\/sprite-feb-16.png) no-repeat;padding:0;margin:0;height:16px;width:16px;background-position:-1105px 0px'   \/> <span class=\"head\">Tweetajte o ovoj knjizi<\/span><\/a><\/li><li class=\"iconOnly\"><a  rel='nofollow'  target='_self'  title='Ispi\u0161i stranicu : Geneti\u010dki modificirani usjevi kao bioeti\u010dki problem za kasnije \u010ditanje'  href='javascript:window.print();'  ><img  src='http:\/\/pergamena.hr\/proba\/wp-content\/plugins\/share-and-follow\/images\/blank.gif'  height='16' width='16'  class='image-16' alt='print'  style='background: transparent url(http:\/\/pergamena.hr\/proba\/wp-content\/plugins\/share-and-follow\/default\/16\/sprite-feb-16.png) no-repeat;padding:0;margin:0;height:16px;width:16px;background-position:-884px 0px'   \/> <span class=\"head\">Ispi\u0161ite stranicu<\/span><\/a><\/li><li class=\"iconOnly\"><a rel=\"_self\" href=\"mailto:?subject=pergamena.hr%20\u2502%20Izdava\u010dka%20ku\u0107a%20iz%20Zagreba%20:%20Geneti\u010dki%20modificirani%20usjevi%20kao%20bioeti\u010dki%20problem&amp;body=\u0160aljem%20Vam%20poveznicu%20preko%20internet%20stranice%20pergamena.hr%20na%20knjigu%20:%20%20%20http:\/\/pergamena.hr\/?p=2200\" title=\"Preporu\u010di knjigu prijateljima : Geneti\u010dki modificirani usjevi kao bioeti\u010dki problem e-mailom\"><img src=\"http:\/\/pergamena.hr\/proba\/wp-content\/plugins\/share-and-follow\/images\/blank.gif\" height=\"16\"  width=\"16\" style=\"background: transparent url(http:\/\/pergamena.hr\/proba\/wp-content\/plugins\/share-and-follow\/default\/16\/sprite-feb-16.png) no-repeat;padding:0;margin:0;height:16px;width:16px;background-position:-187px 0px\" class=\"image-16\"  alt=\"email\" \/> <span class=\"head\">Preporu\u010dite knjigu prijateljima<\/span><\/a><\/li><\/ul><div class=\"clean\"><\/div> <\/div>","protected":false},"excerpt":{"rendered":"<p>\u2022 \u00a0Autor:\u00a0Ivica Kelam \u2022 \u00a0Godina izdanja:\u00a02015. \u00a0 \u2022 \u00a0Uvez:\u00a0tvrdi \u00a0 \u2022\u00a0 Dimenzije:\u00a023.7 x 17.5 cm \u00a0 \u2022\u00a0 Broj stranica:\u00a0497 \u2022 \u00a0Cijena: \u20ac46,50 \/ 350,00 kn \u2022 \u00a0NARU\u010cI\u00a0\u00a0\u2022 Znanost koja je [&hellip;]<\/p>\n","protected":false},"author":5,"featured_media":2201,"comment_status":"closed","ping_status":"closed","sticky":false,"template":"","format":"standard","meta":[],"categories":[5,91],"tags":[],"_links":{"self":[{"href":"http:\/\/pergamena.hr\/index.php?rest_route=\/wp\/v2\/posts\/2200"}],"collection":[{"href":"http:\/\/pergamena.hr\/index.php?rest_route=\/wp\/v2\/posts"}],"about":[{"href":"http:\/\/pergamena.hr\/index.php?rest_route=\/wp\/v2\/types\/post"}],"author":[{"embeddable":true,"href":"http:\/\/pergamena.hr\/index.php?rest_route=\/wp\/v2\/users\/5"}],"replies":[{"embeddable":true,"href":"http:\/\/pergamena.hr\/index.php?rest_route=%2Fwp%2Fv2%2Fcomments&post=2200"}],"version-history":[{"count":5,"href":"http:\/\/pergamena.hr\/index.php?rest_route=\/wp\/v2\/posts\/2200\/revisions"}],"predecessor-version":[{"id":2794,"href":"http:\/\/pergamena.hr\/index.php?rest_route=\/wp\/v2\/posts\/2200\/revisions\/2794"}],"wp:featuredmedia":[{"embeddable":true,"href":"http:\/\/pergamena.hr\/index.php?rest_route=\/wp\/v2\/media\/2201"}],"wp:attachment":[{"href":"http:\/\/pergamena.hr\/index.php?rest_route=%2Fwp%2Fv2%2Fmedia&parent=2200"}],"wp:term":[{"taxonomy":"category","embeddable":true,"href":"http:\/\/pergamena.hr\/index.php?rest_route=%2Fwp%2Fv2%2Fcategories&post=2200"},{"taxonomy":"post_tag","embeddable":true,"href":"http:\/\/pergamena.hr\/index.php?rest_route=%2Fwp%2Fv2%2Ftags&post=2200"}],"curies":[{"name":"wp","href":"https:\/\/api.w.org\/{rel}","templated":true}]}}