{"id":189,"date":"2007-08-26T17:45:13","date_gmt":"2007-08-26T15:45:13","guid":{"rendered":"http:\/\/pergamena.hr\/proba\/?p=189"},"modified":"2023-01-29T21:12:20","modified_gmt":"2023-01-29T20:12:20","slug":"medicina-i-pravo","status":"publish","type":"post","link":"http:\/\/pergamena.hr\/?p=189","title":{"rendered":"Medicina i pravo"},"content":{"rendered":"<div style=\"float:right;padding: 0 0 10px 10px\" class=\"interactive_right\"><div class='button_holder_right'><iframe src=\"http:\/\/www.facebook.com\/plugins\/like.php?href=http%3A%2F%2Fpergamena.hr%2F%3Fp%3D189&amp;layout=standard&amp;show_faces=false&amp;width=75&amp;action=recommend&amp;font=arial&amp;colorscheme=dark&amp;height=31\" scrolling=\"no\" frameborder=\"0\" style=\"border:none; overflow:hidden; width:75px; height:31px;\" allowTransparency=\"true\"><\/iframe><\/div><\/div><p><a href=\"http:\/\/pergamena.hr\/proba\/wp-content\/uploads\/2007\/08\/Medicina-i-pravo-naslovna.jpg\"><img decoding=\"async\" loading=\"lazy\" class=\"alignleft size-full wp-image-686\" title=\"Medicina i pravo - naslovna\" src=\"http:\/\/pergamena.hr\/proba\/wp-content\/uploads\/2007\/08\/Medicina-i-pravo-naslovna.jpg\" alt=\"\" width=\"193\" height=\"270\" \/><\/a><\/p>\n<p><strong>\u2022 \u00a0<\/strong>Autor: <strong>Zvonko Bo\u0161kovi\u0107<\/strong><br \/>\n<strong>\u2022 \u00a0<\/strong>Godina izdanja: <strong>2007.<\/strong><br \/>\n<strong>\u2022 \u00a0<\/strong>Uvez: <strong>tvrdi<\/strong><br \/>\n<strong>\u2022 \u00a0<\/strong>Dimenzije:<br \/>\n<strong>\u2022 \u00a0<\/strong>Broj stranica: <strong>265<\/strong><br \/>\n<strong>\u2022 \u00a0<\/strong>Cijena: <strong>\u20ac15,90 <\/strong>\/ 120,00 kn<\/p>\n<p><strong><strong><strong>\u2022\u00a0\u00a0<a title=\"NARUD\u017dBA\" href=\"http:\/\/pergamena.hr\/?page_id=1138\">NARU\u010cI<\/a><strong> <strong>\u00a0\u2022<\/strong><\/strong><\/strong> \u00a0<\/strong><br \/>\n<\/strong><\/p>\n<blockquote>\n<p style=\"text-align: justify;\">Ova bi se knjiga po na\u010dinu nastajanja, po tematici, po svrsi i poruci mogla nasloviti na razli\u010dite na\u010dine. Ipak sam se odlu\u010dio za naslov \u00bbMedicina i pravo\u00ab da bih istaknuo misao koja je ovdje izrazita, o\u010dita, nagla\u0161ena: da pripadnici ovih dviju profesija &#8211; medicine i prava &#8211; probleme medicinskog prava smatra\u00adju svojim zajedni\u010dkim problemima.<br \/>\nU skladu s tim polazi\u0161tima, osnovni cilj rada je tra\u017eenje odgovora na ova pitanja: kako da lije\u010dnici prihvate prepoznatljive promjene \u010dime bi se izbje\u00adgli pravni i eti\u010dki problemi, a to zna\u010di: stavljanje pacijenta na prvo mjesto i prihva\u0107anje aktivnije uloge pacijenta u njegovom izboru na\u010dina zdravstvene za\u0161tite; pronala\u017eenje &#8211; kvalitetnim pobolj\u0161anjima &#8211; boljih putova brige za svo\u00adje pacijente; uvo\u0111enje inovacija u pra\u0107enju pacijenata; pobolj\u0161anje komunika\u00adcije koja treba postati obvezna vje\u0161tina za lije\u010dnike; pratiti i nau\u010diti se slu\u017eiti novim sofisticiranim tehnologijama i informati\u010dkim sustavima; spremnost za edukaciju. Nadalje, kako prevladati problem <em>u provedbi<\/em> prava pacijenta utvr\u00ad\u0111enih u legislativi. Zatim kakvu gra\u0111anskopravnu za\u0161titu za pretrpljenu \u0161tetu i na koji na\u010din pacijent mo\u017ee o\u010dekivati kad mu neko ili neka od prava budu povrije\u0111ena. Rad se bavi, dakle, i pitanjima pravne za\u0161tite zdravlja ljudi kao zna\u010dajno podru\u010dje funkcioniranja pravnog poretka.<br \/>\nRad takvog karaktera mogao bi biti i dvostruko ve\u0107i od ovoga, a da ipak ne bude posve iscrpan. Na neke teme nisam se posebno osvrtao jer bi to isuvi\u0161e pro\u0161irilo ve\u0107 ionako ograni\u010den opseg knjige. U konkretnom slu\u010daju ograni\u00ad\u010denim opsegom knjige odre\u0111enje broj tema koje su u njoj mogle biti obra\u0111e\u00adne. Izostala je obrada nekih tema (medicinski asistirana (umjetna) oplodnja; sterilizacija; upotreba genetike; znanstvena i eksperimentalna istra\u017eivanja na ljudima; hitna medicinska pomo\u0107; intenzivna medicina; medicinska doku\u00admentacija i njen pravni zna\u010daj; biomedicinska istra\u017eivanja i eksperimenti na \u010dovjeku; pravo o lijekovima i si.). Mnoga \u0107e dakle pitanja \u010dekati odre\u0111eni autoritativni odgovor.<br \/>\nU tim okvirima treba ocjenjivati doma\u0161aj ovog rada.<br \/>\nNa\u017ealost, u na\u0161oj pravnoj literaturi nema mnogo knjiga koje bi pribli\u017eile i uvjerljivo tematizirale probleme medicine i prava. Odsudno nedostaju anali\u00adze pojedinih problema. Pravo je po prirodi konzervativno. Ono uvijek slijedi neke doga\u0111aje, ono u neku ruku neke stvari anticipira, ali ne u tolikoj mjeri da mo\u017eemo govoriti o tome da ide uvijek u korak s onim \u0161to se doga\u0111a, primjeri\u00adce u tehnici, a posebno u medicini.\u00a0 <strong>(Iz predgovora)<\/strong><\/p>\n<\/blockquote>\n<div class='shareinpost'><ul class=\"socialwrap row\"><li class=\"iconOnly share\">Preporu\u010di putem :<\/li><li class=\"iconOnly\"><a  rel='nofollow'  target='_blank'  title='Preporu\u010di knjigu : Medicina i pravo na Facebooku'  href='http:\/\/www.facebook.com\/sharer.php?u=http%3A%2F%2Fpergamena.hr%2F%3Fp%3D189&amp;t=Medicina+i+pravo'  ><img  src='http:\/\/pergamena.hr\/proba\/wp-content\/plugins\/share-and-follow\/images\/blank.gif'  height='16' width='16'  class='image-16' alt='facebook'  style='background: transparent url(http:\/\/pergamena.hr\/proba\/wp-content\/plugins\/share-and-follow\/default\/16\/sprite-feb-16.png) no-repeat;padding:0;margin:0;height:16px;width:16px;background-position:-204px 0px'   \/> <span class=\"head\">Preporu\u010di knjigu<\/span><\/a><\/li><li class=\"iconOnly\"><a  rel='nofollow'  target='_blank'  title='Dijeli : Medicina i pravo na google plus'  href='https:\/\/plusone.google.com\/_\/+1\/confirm?hl=en&amp;url=http%3A%2F%2Fpergamena.hr%2F%3Fp%3D189&amp;title=Medicina+i+pravo'  ><img  src='http:\/\/pergamena.hr\/proba\/wp-content\/plugins\/share-and-follow\/images\/blank.gif'  height='16' width='16'  class='image-16' alt='gplus'  style='background: transparent url(http:\/\/pergamena.hr\/proba\/wp-content\/plugins\/share-and-follow\/default\/16\/sprite-feb-16.png) no-repeat;padding:0;margin:0;height:16px;width:16px;background-position:-425px 0px'   \/> <span class=\"head\">Dijeli na google plus<\/span><\/a><\/li><li class=\"iconOnly\"><a  rel='nofollow'  target='_blank'  title='Dijeli : Medicina i pravo na Linkedinu'  href='http:\/\/www.linkedin.com\/shareArticle?mini=true&amp;url=http%3A%2F%2Fpergamena.hr%2F%3Fp%3D189&amp;title=Medicina+i+pravo&amp;summary=%0A%0A%E2%80%A2+%C2%A0Autor%3A+Zvonko+Bo%C5%A1kovi%C4%87%0A%E2%80%A2+%C2%A0Godina+izdanja%3A+2007.%0A%E2%80%A2+%C2%A0Uvez%3A+tvrdi%0A%E2%80%A2+%C2%A0Dimenzije%3A%0A%E2%80%A2+%C2%A0Broj+stranica%3A+265%0A%E2%80%A2+%C2%A0Cijena%3A+%E2%82%AC15%2C90+%2F+120%2C00+kn%0A%0A%E2%80%A2%C2%A0%C2%A0NARU%C4%8CI+%C2%A0%E2%80%A2+%C2%A0%0A%0A%0AOva+bi+se+knjiga+po+na%C4%8Dinu+nastajanja%2C+po+tematici%2C+po+svrsi+i+poruci+mogla+nasloviti+na+razli%C4%8Dite+na%C4%8Dine.+Ipak+sam+se+odlu%C4%8Dio+za+nas'  ><img  src='http:\/\/pergamena.hr\/proba\/wp-content\/plugins\/share-and-follow\/images\/blank.gif'  height='16' width='16'  class='image-16' alt='linkedin'  style='background: transparent url(http:\/\/pergamena.hr\/proba\/wp-content\/plugins\/share-and-follow\/default\/16\/sprite-feb-16.png) no-repeat;padding:0;margin:0;height:16px;width:16px;background-position:-578px 0px'   \/> <span class=\"head\">Dijelite putem linkedina<\/span><\/a><\/li><li class=\"iconOnly\"><a  rel='nofollow'  target='_blank'  title='Tweetaj o ovoj knjizi : Medicina i pravo na Twitteru'  href=\"http:\/\/twitter.com\/share?url=http%3A%2F%2Fpergamena.hr%2F%3Fp%3D189&amp;text=Medicina+i+pravo+-+\"  ><img  src='http:\/\/pergamena.hr\/proba\/wp-content\/plugins\/share-and-follow\/images\/blank.gif'  height='16' width='16'  class='image-16' alt='twitter'  style='background: transparent url(http:\/\/pergamena.hr\/proba\/wp-content\/plugins\/share-and-follow\/default\/16\/sprite-feb-16.png) no-repeat;padding:0;margin:0;height:16px;width:16px;background-position:-1105px 0px'   \/> <span class=\"head\">Tweetajte o ovoj knjizi<\/span><\/a><\/li><li class=\"iconOnly\"><a  rel='nofollow'  target='_self'  title='Ispi\u0161i stranicu : Medicina i pravo za kasnije \u010ditanje'  href='javascript:window.print();'  ><img  src='http:\/\/pergamena.hr\/proba\/wp-content\/plugins\/share-and-follow\/images\/blank.gif'  height='16' width='16'  class='image-16' alt='print'  style='background: transparent url(http:\/\/pergamena.hr\/proba\/wp-content\/plugins\/share-and-follow\/default\/16\/sprite-feb-16.png) no-repeat;padding:0;margin:0;height:16px;width:16px;background-position:-884px 0px'   \/> <span class=\"head\">Ispi\u0161ite stranicu<\/span><\/a><\/li><li class=\"iconOnly\"><a rel=\"_self\" href=\"mailto:?subject=pergamena.hr%20\u2502%20Izdava\u010dka%20ku\u0107a%20iz%20Zagreba%20:%20Medicina%20i%20pravo&amp;body=\u0160aljem%20Vam%20poveznicu%20preko%20internet%20stranice%20pergamena.hr%20na%20knjigu%20:%20%20%20http:\/\/pergamena.hr\/?p=189\" title=\"Preporu\u010di knjigu prijateljima : Medicina i pravo e-mailom\"><img src=\"http:\/\/pergamena.hr\/proba\/wp-content\/plugins\/share-and-follow\/images\/blank.gif\" height=\"16\"  width=\"16\" style=\"background: transparent url(http:\/\/pergamena.hr\/proba\/wp-content\/plugins\/share-and-follow\/default\/16\/sprite-feb-16.png) no-repeat;padding:0;margin:0;height:16px;width:16px;background-position:-187px 0px\" class=\"image-16\"  alt=\"email\" \/> <span class=\"head\">Preporu\u010dite knjigu prijateljima<\/span><\/a><\/li><\/ul><div class=\"clean\"><\/div> <\/div>","protected":false},"excerpt":{"rendered":"<p>\u2022 \u00a0Autor: Zvonko Bo\u0161kovi\u0107 \u2022 \u00a0Godina izdanja: 2007. \u2022 \u00a0Uvez: tvrdi \u2022 \u00a0Dimenzije: \u2022 \u00a0Broj stranica: 265 \u2022 \u00a0Cijena: \u20ac15,90 \/ 120,00 kn \u2022\u00a0\u00a0NARU\u010cI \u00a0\u2022 \u00a0 Ova bi se knjiga [&hellip;]<\/p>\n","protected":false},"author":1,"featured_media":686,"comment_status":"closed","ping_status":"open","sticky":false,"template":"","format":"standard","meta":[],"categories":[5,35],"tags":[],"_links":{"self":[{"href":"http:\/\/pergamena.hr\/index.php?rest_route=\/wp\/v2\/posts\/189"}],"collection":[{"href":"http:\/\/pergamena.hr\/index.php?rest_route=\/wp\/v2\/posts"}],"about":[{"href":"http:\/\/pergamena.hr\/index.php?rest_route=\/wp\/v2\/types\/post"}],"author":[{"embeddable":true,"href":"http:\/\/pergamena.hr\/index.php?rest_route=\/wp\/v2\/users\/1"}],"replies":[{"embeddable":true,"href":"http:\/\/pergamena.hr\/index.php?rest_route=%2Fwp%2Fv2%2Fcomments&post=189"}],"version-history":[{"count":17,"href":"http:\/\/pergamena.hr\/index.php?rest_route=\/wp\/v2\/posts\/189\/revisions"}],"predecessor-version":[{"id":2818,"href":"http:\/\/pergamena.hr\/index.php?rest_route=\/wp\/v2\/posts\/189\/revisions\/2818"}],"wp:featuredmedia":[{"embeddable":true,"href":"http:\/\/pergamena.hr\/index.php?rest_route=\/wp\/v2\/media\/686"}],"wp:attachment":[{"href":"http:\/\/pergamena.hr\/index.php?rest_route=%2Fwp%2Fv2%2Fmedia&parent=189"}],"wp:term":[{"taxonomy":"category","embeddable":true,"href":"http:\/\/pergamena.hr\/index.php?rest_route=%2Fwp%2Fv2%2Fcategories&post=189"},{"taxonomy":"post_tag","embeddable":true,"href":"http:\/\/pergamena.hr\/index.php?rest_route=%2Fwp%2Fv2%2Ftags&post=189"}],"curies":[{"name":"wp","href":"https:\/\/api.w.org\/{rel}","templated":true}]}}