{"id":1456,"date":"2010-12-27T18:39:56","date_gmt":"2010-12-27T17:39:56","guid":{"rendered":"http:\/\/pergamena.hr\/proba\/?p=1456"},"modified":"2023-01-29T21:09:45","modified_gmt":"2023-01-29T20:09:45","slug":"gmo-izmedu-prisile-i-otpora-2","status":"publish","type":"post","link":"http:\/\/pergamena.hr\/?p=1456","title":{"rendered":"GMO &#8211; izme\u0111u prisile i otpora"},"content":{"rendered":"<div style=\"float:right;padding: 0 0 10px 10px\" class=\"interactive_right\"><div class='button_holder_right'><iframe src=\"http:\/\/www.facebook.com\/plugins\/like.php?href=http%3A%2F%2Fpergamena.hr%2F%3Fp%3D1456&amp;layout=standard&amp;show_faces=false&amp;width=75&amp;action=recommend&amp;font=arial&amp;colorscheme=dark&amp;height=31\" scrolling=\"no\" frameborder=\"0\" style=\"border:none; overflow:hidden; width:75px; height:31px;\" allowTransparency=\"true\"><\/iframe><\/div><\/div><p><a href=\"http:\/\/pergamena.hr\/proba\/wp-content\/uploads\/2011\/12\/Gmo-izmedu-prisile-i-otpora-naslovna.jpg\"><img decoding=\"async\" loading=\"lazy\" class=\"alignleft size-full wp-image-1457\" title=\"Gmo izmedu prisile i otpora - naslovna\" src=\"http:\/\/pergamena.hr\/proba\/wp-content\/uploads\/2011\/12\/Gmo-izmedu-prisile-i-otpora-naslovna.jpg\" alt=\"\" width=\"186\" height=\"270\" \/><\/a><\/p>\n<p>\u2022 \u00a0Autor: <strong>Valerije Vr\u010dek<\/strong><br \/>\n\u2022 \u00a0Godina izdanja: <strong>2010.<\/strong><br \/>\n\u2022 \u00a0Uvez: <strong>tvrdi<\/strong><br \/>\n\u2022 \u00a0Dimenzije: <strong>21 x 14 cm<\/strong><br \/>\n\u2022 \u00a0Broj stranica: <strong>179<\/strong><br \/>\n\u2022 \u00a0Cijena: <strong>\u20ac13,30 <\/strong>\/ 100,00 kn<\/p>\n<p><strong>\u2022\u00a0\u00a0<a title=\"NARUD\u017dBA\" href=\"http:\/\/pergamena.hr\/?page_id=1138\">NARU\u010cI<\/a><strong> <strong>\u00a0\u2022<\/strong><\/strong><\/strong><\/p>\n<blockquote>\n<p style=\"text-align: justify;\">Pravo na bavljenje pitanjima koja proizlaze iz pojave i primjene genetski modificiranih organizama ne pripada samo prirodnim znanostima. \u00bbSlu\u010daj GMO\u00ab obilje\u017een je, optere\u0107en i impregniran razli\u010ditim drugim kontroverzama: politi\u010dkim, dru\u0161tvenim, ekonomskim, religijskim, bioeti\u010dkim\u2026 Nasilno je ignorirati sve te stvarnosti i reducirati cjelovitost pristupa na tek jednu znanstvenu disciplinu. U tom se otimanju kom\u00adpetencija posebno isti\u010de molekularna biologija, perjanica mo\u00addernih znanosti \u010diji su nositelji \u010desto skloni locirati kona\u010dna rje\u0161enja (i istine) pomo\u0107u metode rekombinantne DNK. La\u00adboratorijska napast, kojom se jednodimenzionalni niz nukleotida pretvara u klju\u010d za definiranje i razumijevanje \u017eivota, poprima svoj novi oblik: genetska modifikacija tog informa\u00adcijskog niza predstavlja se \u010dovje\u010danstvu kao precizna i efikas\u00adna korekcija za sve pogre\u0161ke dosada\u0161njeg razvoja u podru\u010dju prehrane, zdravlja i za\u0161tite okoli\u0161a.<br \/>\nSvojom agresivnom penetracijom u podru\u010dje \u00bbsvjetov\u00adnog\u00ab i \u00bblai\u010dkog\u00ab, biolo\u0161ke znanosti izazivaju otpor javnosti. Svojim koketiranjem s transcendentnim i besmrtnim i svojom neutemeljenom ekstrapolacijom fizi\u010dkog\/fizikalnog u podru\u010d\u00adje filozofskog, izazivaju prigovore kolega iz dru\u0161tvenih i hu\u00admanisti\u010dkih znanosti. Kona\u010dno, svojim \u00bbdivljim brakom\u00ab s biotehnolo\u0161kom industrijom izazivaju nepovjerenje ljudi u \u010disto\u0107u i neovisnost fundamentalnih znanstvenih istra\u017eivanja. Poreznim obveznicima postaje sve jasnije da novac koji ula\u00ad\u017eu u rad sveu\u010dili\u0161ta i znanstvenih instituta kona\u010dno zavr\u0161ava (GMO-istra\u017eivanja kao vektor za horizontalni transfer dolara) na ra\u010dunima dioni\u010dara biotehnolo\u0161kih kompanija.<br \/>\nZbog osje\u0107aja (nad)mo\u0107i i intelektualnog samozadovolj\u00adstva pojedini se znanstvenici pona\u0161aju kao vlasnici istine i prisvajaju monopol nad interpretacijom i definicijom razvo\u00adja. Genetski modificirani organizmi znakom su jednakosti pridru\u017eeni napretku. Bez obzira \u0161to se drugi, eventualno, ne sla\u017eu niti prihva\u0107aju nametnutu viziju (ili jednad\u017ebu) tog raz\u00advoja. Vlasnici istine ne tuma\u010de samo rezultate istra\u017eivanja (uporabno znanje), ve\u0107 privatiziraju pojam i sadr\u017eaj vrijed\u00adnosti tih otkri\u0107a (orijentacijsko znanje). Posljedica je takve \u00bbuske perspektive\u00ab medijski, politi\u010dki i znanstveni kaos koji se stvara oko \u00bbslu\u010daja GMO\u00ab. Pozornica je kontaminira\u00adna napetostima, isklju\u010divostima, mitovima, obe\u0107anjima, bi\u00adjesom, vjerom i sumnjom. Prigovori postaju hi\u00adsteri\u010dni, a nova otkri\u0107a eufori\u010dna. Susre\u0107u se i sukobljava\u00adju ekstremi; dok jedni vide GMO kao sjeme nade, drugi ga vide kao sjeme obmane i uni\u0161tenja; panaceja u viziji jednih postaje apokalipsa u viziji drugih.<br \/>\nO\u010digledno je potreban druk\u010diji pristup \u00bbslu\u010daju GMO\u00ab u kojem se njeguje dijalo\u0161ki susret, uva\u017eavanje razli\u010ditih sta\u00adjali\u0161ta, ali i poticanje svakog poku\u0161aja koji kona\u010dna rje\u0161enja izvla\u010di iz blokade jednoumlja i predaje u ljudski prostor gdje \u0107e po\u0161teni kompromis ili referendum biti va\u017eniji od dokaza optere\u0107enog znanstvenom kontroverzom.\u00a0\u00a0<strong>(Iz uvoda)<\/strong><\/p>\n<\/blockquote>\n<div class='shareinpost'><ul class=\"socialwrap row\"><li class=\"iconOnly share\">Preporu\u010di putem :<\/li><li class=\"iconOnly\"><a  rel='nofollow'  target='_blank'  title='Preporu\u010di knjigu : GMO &#8211; izme\u0111u prisile i otpora na Facebooku'  href='http:\/\/www.facebook.com\/sharer.php?u=http%3A%2F%2Fpergamena.hr%2F%3Fp%3D1456&amp;t=GMO+%E2%80%93+izme%C4%91u+prisile+i+otpora'  ><img  src='http:\/\/pergamena.hr\/proba\/wp-content\/plugins\/share-and-follow\/images\/blank.gif'  height='16' width='16'  class='image-16' alt='facebook'  style='background: transparent url(http:\/\/pergamena.hr\/proba\/wp-content\/plugins\/share-and-follow\/default\/16\/sprite-feb-16.png) no-repeat;padding:0;margin:0;height:16px;width:16px;background-position:-204px 0px'   \/> <span class=\"head\">Preporu\u010di knjigu<\/span><\/a><\/li><li class=\"iconOnly\"><a  rel='nofollow'  target='_blank'  title='Dijeli : GMO &#8211; izme\u0111u prisile i otpora na google plus'  href='https:\/\/plusone.google.com\/_\/+1\/confirm?hl=en&amp;url=http%3A%2F%2Fpergamena.hr%2F%3Fp%3D1456&amp;title=GMO+%E2%80%93+izme%C4%91u+prisile+i+otpora'  ><img  src='http:\/\/pergamena.hr\/proba\/wp-content\/plugins\/share-and-follow\/images\/blank.gif'  height='16' width='16'  class='image-16' alt='gplus'  style='background: transparent url(http:\/\/pergamena.hr\/proba\/wp-content\/plugins\/share-and-follow\/default\/16\/sprite-feb-16.png) no-repeat;padding:0;margin:0;height:16px;width:16px;background-position:-425px 0px'   \/> <span class=\"head\">Dijeli na google plus<\/span><\/a><\/li><li class=\"iconOnly\"><a  rel='nofollow'  target='_blank'  title='Dijeli : GMO &#8211; izme\u0111u prisile i otpora na Linkedinu'  href='http:\/\/www.linkedin.com\/shareArticle?mini=true&amp;url=http%3A%2F%2Fpergamena.hr%2F%3Fp%3D1456&amp;title=GMO+%E2%80%93+izme%C4%91u+prisile+i+otpora&amp;summary=%0A%0A%E2%80%A2+%C2%A0Autor%3A+Valerije+Vr%C4%8Dek%0A%E2%80%A2+%C2%A0Godina+izdanja%3A+2010.%0A%E2%80%A2+%C2%A0Uvez%3A+tvrdi%0A%E2%80%A2+%C2%A0Dimenzije%3A+21+x+14+cm%0A%E2%80%A2+%C2%A0Broj+stranica%3A+179%0A%E2%80%A2+%C2%A0Cijena%3A+%E2%82%AC13%2C30+%2F+100%2C00+kn%0A%0A%E2%80%A2%C2%A0%C2%A0NARU%C4%8CI+%C2%A0%E2%80%A2%0A%0APravo+na+bavljenje+pitanjima+koja+proizlaze+iz+pojave+i+primjene+genetski+modificiranih+organizama+ne+pripada+samo+prirodnim+znanost'  ><img  src='http:\/\/pergamena.hr\/proba\/wp-content\/plugins\/share-and-follow\/images\/blank.gif'  height='16' width='16'  class='image-16' alt='linkedin'  style='background: transparent url(http:\/\/pergamena.hr\/proba\/wp-content\/plugins\/share-and-follow\/default\/16\/sprite-feb-16.png) no-repeat;padding:0;margin:0;height:16px;width:16px;background-position:-578px 0px'   \/> <span class=\"head\">Dijelite putem linkedina<\/span><\/a><\/li><li class=\"iconOnly\"><a  rel='nofollow'  target='_blank'  title='Tweetaj o ovoj knjizi : GMO &#8211; izme\u0111u prisile i otpora na Twitteru'  href=\"http:\/\/twitter.com\/share?url=http%3A%2F%2Fpergamena.hr%2F%3Fp%3D1456&amp;text=GMO+%E2%80%93+izme%C4%91u+prisile+i+otpora+-+\"  ><img  src='http:\/\/pergamena.hr\/proba\/wp-content\/plugins\/share-and-follow\/images\/blank.gif'  height='16' width='16'  class='image-16' alt='twitter'  style='background: transparent url(http:\/\/pergamena.hr\/proba\/wp-content\/plugins\/share-and-follow\/default\/16\/sprite-feb-16.png) no-repeat;padding:0;margin:0;height:16px;width:16px;background-position:-1105px 0px'   \/> <span class=\"head\">Tweetajte o ovoj knjizi<\/span><\/a><\/li><li class=\"iconOnly\"><a  rel='nofollow'  target='_self'  title='Ispi\u0161i stranicu : GMO &#8211; izme\u0111u prisile i otpora za kasnije \u010ditanje'  href='javascript:window.print();'  ><img  src='http:\/\/pergamena.hr\/proba\/wp-content\/plugins\/share-and-follow\/images\/blank.gif'  height='16' width='16'  class='image-16' alt='print'  style='background: transparent url(http:\/\/pergamena.hr\/proba\/wp-content\/plugins\/share-and-follow\/default\/16\/sprite-feb-16.png) no-repeat;padding:0;margin:0;height:16px;width:16px;background-position:-884px 0px'   \/> <span class=\"head\">Ispi\u0161ite stranicu<\/span><\/a><\/li><li class=\"iconOnly\"><a rel=\"_self\" href=\"mailto:?subject=pergamena.hr%20\u2502%20Izdava\u010dka%20ku\u0107a%20iz%20Zagreba%20:%20GMO%20&#8211;%20izme\u0111u%20prisile%20i%20otpora&amp;body=\u0160aljem%20Vam%20poveznicu%20preko%20internet%20stranice%20pergamena.hr%20na%20knjigu%20:%20%20%20http:\/\/pergamena.hr\/?p=1456\" title=\"Preporu\u010di knjigu prijateljima : GMO &#8211; izme\u0111u prisile i otpora e-mailom\"><img src=\"http:\/\/pergamena.hr\/proba\/wp-content\/plugins\/share-and-follow\/images\/blank.gif\" height=\"16\"  width=\"16\" style=\"background: transparent url(http:\/\/pergamena.hr\/proba\/wp-content\/plugins\/share-and-follow\/default\/16\/sprite-feb-16.png) no-repeat;padding:0;margin:0;height:16px;width:16px;background-position:-187px 0px\" class=\"image-16\"  alt=\"email\" \/> <span class=\"head\">Preporu\u010dite knjigu prijateljima<\/span><\/a><\/li><\/ul><div class=\"clean\"><\/div> <\/div>","protected":false},"excerpt":{"rendered":"<p>\u2022 \u00a0Autor: Valerije Vr\u010dek \u2022 \u00a0Godina izdanja: 2010. \u2022 \u00a0Uvez: tvrdi \u2022 \u00a0Dimenzije: 21 x 14 cm \u2022 \u00a0Broj stranica: 179 \u2022 \u00a0Cijena: \u20ac13,30 \/ 100,00 kn \u2022\u00a0\u00a0NARU\u010cI \u00a0\u2022 Pravo [&hellip;]<\/p>\n","protected":false},"author":1,"featured_media":1457,"comment_status":"closed","ping_status":"open","sticky":false,"template":"","format":"standard","meta":[],"categories":[5,30],"tags":[17],"_links":{"self":[{"href":"http:\/\/pergamena.hr\/index.php?rest_route=\/wp\/v2\/posts\/1456"}],"collection":[{"href":"http:\/\/pergamena.hr\/index.php?rest_route=\/wp\/v2\/posts"}],"about":[{"href":"http:\/\/pergamena.hr\/index.php?rest_route=\/wp\/v2\/types\/post"}],"author":[{"embeddable":true,"href":"http:\/\/pergamena.hr\/index.php?rest_route=\/wp\/v2\/users\/1"}],"replies":[{"embeddable":true,"href":"http:\/\/pergamena.hr\/index.php?rest_route=%2Fwp%2Fv2%2Fcomments&post=1456"}],"version-history":[{"count":11,"href":"http:\/\/pergamena.hr\/index.php?rest_route=\/wp\/v2\/posts\/1456\/revisions"}],"predecessor-version":[{"id":2809,"href":"http:\/\/pergamena.hr\/index.php?rest_route=\/wp\/v2\/posts\/1456\/revisions\/2809"}],"wp:featuredmedia":[{"embeddable":true,"href":"http:\/\/pergamena.hr\/index.php?rest_route=\/wp\/v2\/media\/1457"}],"wp:attachment":[{"href":"http:\/\/pergamena.hr\/index.php?rest_route=%2Fwp%2Fv2%2Fmedia&parent=1456"}],"wp:term":[{"taxonomy":"category","embeddable":true,"href":"http:\/\/pergamena.hr\/index.php?rest_route=%2Fwp%2Fv2%2Fcategories&post=1456"},{"taxonomy":"post_tag","embeddable":true,"href":"http:\/\/pergamena.hr\/index.php?rest_route=%2Fwp%2Fv2%2Ftags&post=1456"}],"curies":[{"name":"wp","href":"https:\/\/api.w.org\/{rel}","templated":true}]}}