{"id":144,"date":"2011-08-26T16:22:42","date_gmt":"2011-08-26T15:22:42","guid":{"rendered":"http:\/\/pergamena.hr\/proba\/?p=144"},"modified":"2024-02-01T22:59:26","modified_gmt":"2024-02-01T21:59:26","slug":"bioetika-i-dijete","status":"publish","type":"post","link":"http:\/\/pergamena.hr\/?p=144","title":{"rendered":"Bioetika i dijete"},"content":{"rendered":"<div style=\"float:right;padding: 0 0 10px 10px\" class=\"interactive_right\"><div class='button_holder_right'><iframe src=\"http:\/\/www.facebook.com\/plugins\/like.php?href=http%3A%2F%2Fpergamena.hr%2F%3Fp%3D144&amp;layout=standard&amp;show_faces=false&amp;width=75&amp;action=recommend&amp;font=arial&amp;colorscheme=dark&amp;height=31\" scrolling=\"no\" frameborder=\"0\" style=\"border:none; overflow:hidden; width:75px; height:31px;\" allowTransparency=\"true\"><\/iframe><\/div><\/div><p><a href=\"http:\/\/pergamena.hr\/proba\/wp-content\/uploads\/2011\/08\/Bioetika-i-dijete-naslovna2.jpg\"><img decoding=\"async\" loading=\"lazy\" class=\"alignleft size-full wp-image-642\" title=\"Bioetika i dijete - naslovna\" src=\"http:\/\/pergamena.hr\/proba\/wp-content\/uploads\/2011\/08\/Bioetika-i-dijete-naslovna2.jpg\" alt=\"\" width=\"179\" height=\"270\" \/><\/a><\/p>\n<p>\u2022 \u00a0Urednici: <strong>Ante \u010covi\u0107 \/ Marija Radoni\u0107<\/strong><br \/>\n\u2022 \u00a0Godina izdanja:\u00a0<strong>2011.\u00a0 <\/strong><br \/>\n\u2022 \u00a0Uvez:<strong>\u00a0tvrdi\u00a0 <\/strong><br \/>\n\u2022 \u00a0Dimenzije: <strong>21 x 14 cm<\/strong><br \/>\n\u2022 \u00a0Broj stranica:<strong>\u00a0262<\/strong><br \/>\n\u2022 \u00a0Cijena:<strong> \u20ac13,30<\/strong> \/ 100,00 kn<\/p>\n<p><strong><strong><strong>\u2022\u00a0\u00a0<a title=\"NARUD\u017dBA\" href=\"http:\/\/pergamena.hr\/?page_id=1138\">NARU\u010cI<\/a><strong> <strong>\u00a0\u2022<\/strong><\/strong><\/strong><br \/>\n<\/strong><\/strong><\/p>\n<blockquote>\n<p style=\"text-align: justify;\">U ovom zborniku sabrani su radovi sa simpozija koji je pod naslovom Bioetika i dijete. Moralne dileme u pedijatriji odr\u00ad\u017ean 14. studenoga 2009. godine u Zagrebu. Skup su zajedni\u010d\u00adki organizirali Hrvatsko bioeti\u010dko dru\u0161tvo, Hrvatsko dru\u0161tvo za preventivnu i socijalnu pedijatriju te Hrvatsko pedijatrijsko dru\u0161tvo. Organizacijski odbor djelovao je u slijede\u0107em sastavu: Ante \u010covi\u0107 i Marija Radoni\u0107 (supredsjedatelji), Ilonka Artukovi\u0107, Ingeborg Bari\u0161i\u0107, Branka \u010covi\u0107, Andrea Dasovi\u0107-Buljevi\u0107, Hrvoje Juri\u0107, Gordana Pel\u010di\u0107 i \u0110ur\u0111a Spanovi\u0107. Simpozij je odr\u017ean pod pokroviteljstvom Ministarstva zdravstva i socijalne skrbi Republike Hrvatske. Skup je organiziran prema na\u010delima integrativne bioetike, pa je utoliko prema sastavu predava\u010da kao i prema rasponu tema bio izrazito interdisciplinaran. Nastupili su znanstvenici razli\u010ditih medicinskih specijalnosti kao i stru\u010dnjaci iz podru\u010dja drugih znanstvenih disciplina (biokemija, pravo, filozofija, teo\u00adlogija, povijest). U okviru simpozija odr\u017eano je 12 izlaganja. Treba napomenuti da zbornik obuhva\u0107a sva odr\u017eana izla\u00adganja, ali da se ona u ve\u0107ini slu\u010dajeva objavljuju u znatno pro\u00ad\u0161irenom i dodatno elaboriranom obliku. Zbornik tako sadr\u017ei studiozne obrade pojedinih tema s izvornim znanstvenim do\u00adprinosima, pri \u010demu su neki prilozi, poput koautorskog rada Ivice Martinovi\u0107a i Rine Kralj-Brassard, dosegnuli razinu monografijske zaokru\u017eenosti. U radu skupa sudjelovalo je sedamdesetak prijavljenih slu\u00ad\u0161a\u010da koji su tako\u0111er dolazili iz razli\u010ditih profesija i znanstvenih disciplina. Skup je izazvao iznimnu pozornost medija tako da je u tiskanim i elektroni\u010dkim medijima objavljeno vi\u0161e prikaza i osvrta. Dok spoznaje i misli s ovakvih skupova ostaju zapisane te time zapam\u0107ene, dojmovi i slike blijede i nestaju. Da se u ovom slu\u010daju ne bi to dogodilo, zbornik je u dodatku oboga\u0107en slikovnim podsjetnikom. \u00a0<strong>(Iz predgovora)\u00a0<\/strong><\/p>\n<p style=\"text-align: justify;\"><strong>Ante \u010covi\u0107<\/strong> <strong>\/<\/strong> <strong>Marija Radoni\u0107<\/strong><\/p>\n<\/blockquote>\n<div class='shareinpost'><ul class=\"socialwrap row\"><li class=\"iconOnly share\">Preporu\u010di putem :<\/li><li class=\"iconOnly\"><a  rel='nofollow'  target='_blank'  title='Preporu\u010di knjigu : Bioetika i dijete na Facebooku'  href='http:\/\/www.facebook.com\/sharer.php?u=http%3A%2F%2Fpergamena.hr%2F%3Fp%3D144&amp;t=Bioetika+i+dijete'  ><img  src='http:\/\/pergamena.hr\/proba\/wp-content\/plugins\/share-and-follow\/images\/blank.gif'  height='16' width='16'  class='image-16' alt='facebook'  style='background: transparent url(http:\/\/pergamena.hr\/proba\/wp-content\/plugins\/share-and-follow\/default\/16\/sprite-feb-16.png) no-repeat;padding:0;margin:0;height:16px;width:16px;background-position:-204px 0px'   \/> <span class=\"head\">Preporu\u010di knjigu<\/span><\/a><\/li><li class=\"iconOnly\"><a  rel='nofollow'  target='_blank'  title='Dijeli : Bioetika i dijete na google plus'  href='https:\/\/plusone.google.com\/_\/+1\/confirm?hl=en&amp;url=http%3A%2F%2Fpergamena.hr%2F%3Fp%3D144&amp;title=Bioetika+i+dijete'  ><img  src='http:\/\/pergamena.hr\/proba\/wp-content\/plugins\/share-and-follow\/images\/blank.gif'  height='16' width='16'  class='image-16' alt='gplus'  style='background: transparent url(http:\/\/pergamena.hr\/proba\/wp-content\/plugins\/share-and-follow\/default\/16\/sprite-feb-16.png) no-repeat;padding:0;margin:0;height:16px;width:16px;background-position:-425px 0px'   \/> <span class=\"head\">Dijeli na google plus<\/span><\/a><\/li><li class=\"iconOnly\"><a  rel='nofollow'  target='_blank'  title='Dijeli : Bioetika i dijete na Linkedinu'  href='http:\/\/www.linkedin.com\/shareArticle?mini=true&amp;url=http%3A%2F%2Fpergamena.hr%2F%3Fp%3D144&amp;title=Bioetika+i+dijete&amp;summary=%0A%0A%E2%80%A2+%C2%A0Urednici%3A+Ante+%C4%8Covi%C4%87+%2F+Marija+Radoni%C4%87%0A%E2%80%A2+%C2%A0Godina+izdanja%3A%C2%A02011.%C2%A0+%0A%E2%80%A2+%C2%A0Uvez%3A%C2%A0tvrdi%C2%A0+%0A%E2%80%A2+%C2%A0Dimenzije%3A+21+x+14+cm%0A%E2%80%A2+%C2%A0Broj+stranica%3A%C2%A0262%0A%E2%80%A2+%C2%A0Cijena%3A+%E2%82%AC13%2C30+%2F+100%2C00+kn%0A%0A%E2%80%A2%C2%A0%C2%A0NARU%C4%8CI+%C2%A0%E2%80%A2%0A%0A%0AU+ovom+zborniku+sabrani+su+radovi+sa+simpozija+koji+je+pod+naslovom+Bioetika+i+dijete.+Moralne+dileme+u+'  ><img  src='http:\/\/pergamena.hr\/proba\/wp-content\/plugins\/share-and-follow\/images\/blank.gif'  height='16' width='16'  class='image-16' alt='linkedin'  style='background: transparent url(http:\/\/pergamena.hr\/proba\/wp-content\/plugins\/share-and-follow\/default\/16\/sprite-feb-16.png) no-repeat;padding:0;margin:0;height:16px;width:16px;background-position:-578px 0px'   \/> <span class=\"head\">Dijelite putem linkedina<\/span><\/a><\/li><li class=\"iconOnly\"><a  rel='nofollow'  target='_blank'  title='Tweetaj o ovoj knjizi : Bioetika i dijete na Twitteru'  href=\"http:\/\/twitter.com\/share?url=http%3A%2F%2Fpergamena.hr%2F%3Fp%3D144&amp;text=Bioetika+i+dijete+-+\"  ><img  src='http:\/\/pergamena.hr\/proba\/wp-content\/plugins\/share-and-follow\/images\/blank.gif'  height='16' width='16'  class='image-16' alt='twitter'  style='background: transparent url(http:\/\/pergamena.hr\/proba\/wp-content\/plugins\/share-and-follow\/default\/16\/sprite-feb-16.png) no-repeat;padding:0;margin:0;height:16px;width:16px;background-position:-1105px 0px'   \/> <span class=\"head\">Tweetajte o ovoj knjizi<\/span><\/a><\/li><li class=\"iconOnly\"><a  rel='nofollow'  target='_self'  title='Ispi\u0161i stranicu : Bioetika i dijete za kasnije \u010ditanje'  href='javascript:window.print();'  ><img  src='http:\/\/pergamena.hr\/proba\/wp-content\/plugins\/share-and-follow\/images\/blank.gif'  height='16' width='16'  class='image-16' alt='print'  style='background: transparent url(http:\/\/pergamena.hr\/proba\/wp-content\/plugins\/share-and-follow\/default\/16\/sprite-feb-16.png) no-repeat;padding:0;margin:0;height:16px;width:16px;background-position:-884px 0px'   \/> <span class=\"head\">Ispi\u0161ite stranicu<\/span><\/a><\/li><li class=\"iconOnly\"><a rel=\"_self\" href=\"mailto:?subject=pergamena.hr%20\u2502%20Izdava\u010dka%20ku\u0107a%20iz%20Zagreba%20:%20Bioetika%20i%20dijete&amp;body=\u0160aljem%20Vam%20poveznicu%20preko%20internet%20stranice%20pergamena.hr%20na%20knjigu%20:%20%20%20http:\/\/pergamena.hr\/?p=144\" title=\"Preporu\u010di knjigu prijateljima : Bioetika i dijete e-mailom\"><img src=\"http:\/\/pergamena.hr\/proba\/wp-content\/plugins\/share-and-follow\/images\/blank.gif\" height=\"16\"  width=\"16\" style=\"background: transparent url(http:\/\/pergamena.hr\/proba\/wp-content\/plugins\/share-and-follow\/default\/16\/sprite-feb-16.png) no-repeat;padding:0;margin:0;height:16px;width:16px;background-position:-187px 0px\" class=\"image-16\"  alt=\"email\" \/> <span class=\"head\">Preporu\u010dite knjigu prijateljima<\/span><\/a><\/li><\/ul><div class=\"clean\"><\/div> <\/div>","protected":false},"excerpt":{"rendered":"<p>\u2022 \u00a0Urednici: Ante \u010covi\u0107 \/ Marija Radoni\u0107 \u2022 \u00a0Godina izdanja:\u00a02011.\u00a0 \u2022 \u00a0Uvez:\u00a0tvrdi\u00a0 \u2022 \u00a0Dimenzije: 21 x 14 cm \u2022 \u00a0Broj stranica:\u00a0262 \u2022 \u00a0Cijena: \u20ac13,30 \/ 100,00 kn \u2022\u00a0\u00a0NARU\u010cI \u00a0\u2022 U [&hellip;]<\/p>\n","protected":false},"author":1,"featured_media":1758,"comment_status":"closed","ping_status":"closed","sticky":false,"template":"","format":"standard","meta":[],"categories":[5,26,27],"tags":[],"_links":{"self":[{"href":"http:\/\/pergamena.hr\/index.php?rest_route=\/wp\/v2\/posts\/144"}],"collection":[{"href":"http:\/\/pergamena.hr\/index.php?rest_route=\/wp\/v2\/posts"}],"about":[{"href":"http:\/\/pergamena.hr\/index.php?rest_route=\/wp\/v2\/types\/post"}],"author":[{"embeddable":true,"href":"http:\/\/pergamena.hr\/index.php?rest_route=\/wp\/v2\/users\/1"}],"replies":[{"embeddable":true,"href":"http:\/\/pergamena.hr\/index.php?rest_route=%2Fwp%2Fv2%2Fcomments&post=144"}],"version-history":[{"count":63,"href":"http:\/\/pergamena.hr\/index.php?rest_route=\/wp\/v2\/posts\/144\/revisions"}],"predecessor-version":[{"id":2806,"href":"http:\/\/pergamena.hr\/index.php?rest_route=\/wp\/v2\/posts\/144\/revisions\/2806"}],"wp:featuredmedia":[{"embeddable":true,"href":"http:\/\/pergamena.hr\/index.php?rest_route=\/wp\/v2\/media\/1758"}],"wp:attachment":[{"href":"http:\/\/pergamena.hr\/index.php?rest_route=%2Fwp%2Fv2%2Fmedia&parent=144"}],"wp:term":[{"taxonomy":"category","embeddable":true,"href":"http:\/\/pergamena.hr\/index.php?rest_route=%2Fwp%2Fv2%2Fcategories&post=144"},{"taxonomy":"post_tag","embeddable":true,"href":"http:\/\/pergamena.hr\/index.php?rest_route=%2Fwp%2Fv2%2Ftags&post=144"}],"curies":[{"name":"wp","href":"https:\/\/api.w.org\/{rel}","templated":true}]}}