{"id":120,"date":"2007-08-26T15:27:04","date_gmt":"2007-08-26T13:27:04","guid":{"rendered":"http:\/\/pergamena.hr\/proba\/?p=120"},"modified":"2023-01-29T21:12:44","modified_gmt":"2023-01-29T20:12:44","slug":"bioeticka-ekumena","status":"publish","type":"post","link":"http:\/\/pergamena.hr\/?p=120","title":{"rendered":"Bioeti\u010dka ekumena"},"content":{"rendered":"<div style=\"float:right;padding: 0 0 10px 10px\" class=\"interactive_right\"><div class='button_holder_right'><iframe src=\"http:\/\/www.facebook.com\/plugins\/like.php?href=http%3A%2F%2Fpergamena.hr%2F%3Fp%3D120&amp;layout=standard&amp;show_faces=false&amp;width=75&amp;action=recommend&amp;font=arial&amp;colorscheme=dark&amp;height=31\" scrolling=\"no\" frameborder=\"0\" style=\"border:none; overflow:hidden; width:75px; height:31px;\" allowTransparency=\"true\"><\/iframe><\/div><\/div><p><a href=\"http:\/\/pergamena.hr\/proba\/wp-content\/uploads\/2007\/08\/Bioeticka-ekumena-naslovna.jpg\"><img decoding=\"async\" loading=\"lazy\" class=\"alignleft size-full wp-image-694\" title=\"Bioeticka ekumena - naslovna\" src=\"http:\/\/pergamena.hr\/proba\/wp-content\/uploads\/2007\/08\/Bioeticka-ekumena-naslovna.jpg\" alt=\"\" width=\"195\" height=\"270\" srcset=\"http:\/\/pergamena.hr\/proba\/wp-content\/uploads\/2007\/08\/Bioeticka-ekumena-naslovna.jpg 195w, http:\/\/pergamena.hr\/proba\/wp-content\/uploads\/2007\/08\/Bioeticka-ekumena-naslovna-61x83.jpg 61w, http:\/\/pergamena.hr\/proba\/wp-content\/uploads\/2007\/08\/Bioeticka-ekumena-naslovna-45x61.jpg 45w\" sizes=\"(max-width: 195px) 100vw, 195px\" \/><\/a><\/p>\n<p><strong>\u2022 \u00a0<\/strong>Autor: <strong>Ivan Cifri\u0107<\/strong><br \/>\n<strong>\u2022 \u00a0<\/strong>Godina izdanja: <strong>2007.<\/strong><br \/>\n<strong>\u2022 \u00a0<\/strong>Uvez: <strong>tvrdi<\/strong><br \/>\n<strong>\u2022 \u00a0<\/strong>Dimenzije: <strong>22.5 x 16 cm<\/strong><br \/>\n<strong>\u2022 \u00a0<\/strong>Broj stranica: <strong>279<\/strong><br \/>\n<strong>\u2022 \u00a0<\/strong>Cijena: <strong>\u20ac15,90<\/strong> \/ 120,00 kn<\/p>\n<p><strong><strong><strong>\u2022\u00a0 <a title=\"NARUD\u017dBA\" href=\"http:\/\/pergamena.hr\/?page_id=1138\">NARU\u010cI<\/a><strong> <strong>\u00a0\u2022<\/strong><\/strong><\/strong><br \/>\n<\/strong><\/strong><\/p>\n<blockquote>\n<p style=\"text-align: justify;\">U knjizi je pet radova, nastalih u posljednjih nekoliko godina, koji govo\u00adre o na\u0161em istra\u017eiva\u010dkom iskustvu o odnosu \u010dovjeka prema svijetu prirode i socijalnim okolnostima koje danas utje\u010du na \u010dovjekovo iskustvo i aspiracije u hrvatskom dru\u0161tvu. Sredi\u0161nji problem je odnos prema \u017eivotu &#8211; pojedinca, dru\u0161tva, civilizacije i njegovo razumijevanje u sklopu <em>zajednice \u017eivota<\/em> u uvje\u00adtima globalizacije koja vodi kulturnoj i bioti\u010dkoj homogenizaciji. U tom od\u00adnosu odra\u017eava se \u010dovjekova antropolo\u0161ka \u00bbprirodnost\u00ab, ali i moralna du\u017enost prema <em>protuprirodnosti<\/em> i <em>suprirodnosti<\/em> (Altner, 1998:26). To mu omogu\u0107ava i nala\u017ee dvojaka uloga. Izra\u017eavanje prirodnosti kao bi\u0107a u prirodi koje ne mo\u017ee izvan nje; protuprirodnosti kao jedinog bi\u0107a koje se suprotstavlja prirodi i mijenjaju; te suprirodnost kao istodobnost uvijek obiju njegovih egzistencija koje ne mogu bez susvijeta. Ali \u010covjek nije samo biolo\u0161ko bi\u0107e, nego vi\u0161e od toga \u0161to ga \u010dini \u010dovjekom. On je racionalno, slobodno i autonomno bi\u0107e, bez obzira na razli\u010ditost razumijevanja tih osobina kao ontolo\u0161ke biti ili postignu\u00adtog biolo\u0161kog stupnja u evolucijskom razvoju. \u00bbOn je po prirodi <em>neprirodan<\/em>\u00ab (Plessner, 1986:206). Pa ipak, \u010dovjek je samo jedan oblik \u017eivota, koji je kao takav tijekom kulturne povijesti bio veli\u010dan, sakraliziran, ali i poni\u017eavan i ba\u00adnaliziran, ba\u0161 kao i sam \u017eivot kao takav. Povijest modernog dru\u0161tva, povijest je konflikata oko \u017eivota, povijest koja s napretkom u mogu\u0107nosti \u017eivota bilje\u017ei i napredak u mogu\u0107nosti njegova uni\u0161tavanja.<strong> \u00a0 \u00a0 <\/strong><\/p>\n<p style=\"text-align: justify;\"><strong>(Iz predgovora)<\/strong><\/p>\n<\/blockquote>\n<div class='shareinpost'><ul class=\"socialwrap row\"><li class=\"iconOnly share\">Preporu\u010di putem :<\/li><li class=\"iconOnly\"><a  rel='nofollow'  target='_blank'  title='Preporu\u010di knjigu : Bioeti\u010dka ekumena na Facebooku'  href='http:\/\/www.facebook.com\/sharer.php?u=http%3A%2F%2Fpergamena.hr%2F%3Fp%3D120&amp;t=Bioeti%C4%8Dka+ekumena'  ><img  src='http:\/\/pergamena.hr\/proba\/wp-content\/plugins\/share-and-follow\/images\/blank.gif'  height='16' width='16'  class='image-16' alt='facebook'  style='background: transparent url(http:\/\/pergamena.hr\/proba\/wp-content\/plugins\/share-and-follow\/default\/16\/sprite-feb-16.png) no-repeat;padding:0;margin:0;height:16px;width:16px;background-position:-204px 0px'   \/> <span class=\"head\">Preporu\u010di knjigu<\/span><\/a><\/li><li class=\"iconOnly\"><a  rel='nofollow'  target='_blank'  title='Dijeli : Bioeti\u010dka ekumena na google plus'  href='https:\/\/plusone.google.com\/_\/+1\/confirm?hl=en&amp;url=http%3A%2F%2Fpergamena.hr%2F%3Fp%3D120&amp;title=Bioeti%C4%8Dka+ekumena'  ><img  src='http:\/\/pergamena.hr\/proba\/wp-content\/plugins\/share-and-follow\/images\/blank.gif'  height='16' width='16'  class='image-16' alt='gplus'  style='background: transparent url(http:\/\/pergamena.hr\/proba\/wp-content\/plugins\/share-and-follow\/default\/16\/sprite-feb-16.png) no-repeat;padding:0;margin:0;height:16px;width:16px;background-position:-425px 0px'   \/> <span class=\"head\">Dijeli na google plus<\/span><\/a><\/li><li class=\"iconOnly\"><a  rel='nofollow'  target='_blank'  title='Dijeli : Bioeti\u010dka ekumena na Linkedinu'  href='http:\/\/www.linkedin.com\/shareArticle?mini=true&amp;url=http%3A%2F%2Fpergamena.hr%2F%3Fp%3D120&amp;title=Bioeti%C4%8Dka+ekumena&amp;summary=%0A%0A%E2%80%A2+%C2%A0Autor%3A+Ivan+Cifri%C4%87%0A%E2%80%A2+%C2%A0Godina+izdanja%3A+2007.%0A%E2%80%A2+%C2%A0Uvez%3A+tvrdi%0A%E2%80%A2+%C2%A0Dimenzije%3A+22.5+x+16+cm%0A%E2%80%A2+%C2%A0Broj+stranica%3A+279%0A%E2%80%A2+%C2%A0Cijena%3A+%E2%82%AC15%2C90+%2F+120%2C00+kn%0A%0A%E2%80%A2%C2%A0+NARU%C4%8CI+%C2%A0%E2%80%A2%0A%0A%0AU+knjizi+je+pet+radova%2C+nastalih+u+posljednjih+nekoliko+godina%2C+koji+govo%C2%ADre+o+na%C5%A1em+istra%C5%BEiva%C4%8Dkom+iskustvu+o+odnosu+%C4%8Dovjeka+pre'  ><img  src='http:\/\/pergamena.hr\/proba\/wp-content\/plugins\/share-and-follow\/images\/blank.gif'  height='16' width='16'  class='image-16' alt='linkedin'  style='background: transparent url(http:\/\/pergamena.hr\/proba\/wp-content\/plugins\/share-and-follow\/default\/16\/sprite-feb-16.png) no-repeat;padding:0;margin:0;height:16px;width:16px;background-position:-578px 0px'   \/> <span class=\"head\">Dijelite putem linkedina<\/span><\/a><\/li><li class=\"iconOnly\"><a  rel='nofollow'  target='_blank'  title='Tweetaj o ovoj knjizi : Bioeti\u010dka ekumena na Twitteru'  href=\"http:\/\/twitter.com\/share?url=http%3A%2F%2Fpergamena.hr%2F%3Fp%3D120&amp;text=Bioeti%C4%8Dka+ekumena+-+\"  ><img  src='http:\/\/pergamena.hr\/proba\/wp-content\/plugins\/share-and-follow\/images\/blank.gif'  height='16' width='16'  class='image-16' alt='twitter'  style='background: transparent url(http:\/\/pergamena.hr\/proba\/wp-content\/plugins\/share-and-follow\/default\/16\/sprite-feb-16.png) no-repeat;padding:0;margin:0;height:16px;width:16px;background-position:-1105px 0px'   \/> <span class=\"head\">Tweetajte o ovoj knjizi<\/span><\/a><\/li><li class=\"iconOnly\"><a  rel='nofollow'  target='_self'  title='Ispi\u0161i stranicu : Bioeti\u010dka ekumena za kasnije \u010ditanje'  href='javascript:window.print();'  ><img  src='http:\/\/pergamena.hr\/proba\/wp-content\/plugins\/share-and-follow\/images\/blank.gif'  height='16' width='16'  class='image-16' alt='print'  style='background: transparent url(http:\/\/pergamena.hr\/proba\/wp-content\/plugins\/share-and-follow\/default\/16\/sprite-feb-16.png) no-repeat;padding:0;margin:0;height:16px;width:16px;background-position:-884px 0px'   \/> <span class=\"head\">Ispi\u0161ite stranicu<\/span><\/a><\/li><li class=\"iconOnly\"><a rel=\"_self\" href=\"mailto:?subject=pergamena.hr%20\u2502%20Izdava\u010dka%20ku\u0107a%20iz%20Zagreba%20:%20Bioeti\u010dka%20ekumena&amp;body=\u0160aljem%20Vam%20poveznicu%20preko%20internet%20stranice%20pergamena.hr%20na%20knjigu%20:%20%20%20http:\/\/pergamena.hr\/?p=120\" title=\"Preporu\u010di knjigu prijateljima : Bioeti\u010dka ekumena e-mailom\"><img src=\"http:\/\/pergamena.hr\/proba\/wp-content\/plugins\/share-and-follow\/images\/blank.gif\" height=\"16\"  width=\"16\" style=\"background: transparent url(http:\/\/pergamena.hr\/proba\/wp-content\/plugins\/share-and-follow\/default\/16\/sprite-feb-16.png) no-repeat;padding:0;margin:0;height:16px;width:16px;background-position:-187px 0px\" class=\"image-16\"  alt=\"email\" \/> <span class=\"head\">Preporu\u010dite knjigu prijateljima<\/span><\/a><\/li><\/ul><div class=\"clean\"><\/div> <\/div>","protected":false},"excerpt":{"rendered":"<p>\u2022 \u00a0Autor: Ivan Cifri\u0107 \u2022 \u00a0Godina izdanja: 2007. \u2022 \u00a0Uvez: tvrdi \u2022 \u00a0Dimenzije: 22.5 x 16 cm \u2022 \u00a0Broj stranica: 279 \u2022 \u00a0Cijena: \u20ac15,90 \/ 120,00 kn \u2022\u00a0 NARU\u010cI \u00a0\u2022 [&hellip;]<\/p>\n","protected":false},"author":1,"featured_media":694,"comment_status":"closed","ping_status":"open","sticky":false,"template":"","format":"standard","meta":[],"categories":[5,40],"tags":[],"_links":{"self":[{"href":"http:\/\/pergamena.hr\/index.php?rest_route=\/wp\/v2\/posts\/120"}],"collection":[{"href":"http:\/\/pergamena.hr\/index.php?rest_route=\/wp\/v2\/posts"}],"about":[{"href":"http:\/\/pergamena.hr\/index.php?rest_route=\/wp\/v2\/types\/post"}],"author":[{"embeddable":true,"href":"http:\/\/pergamena.hr\/index.php?rest_route=\/wp\/v2\/users\/1"}],"replies":[{"embeddable":true,"href":"http:\/\/pergamena.hr\/index.php?rest_route=%2Fwp%2Fv2%2Fcomments&post=120"}],"version-history":[{"count":50,"href":"http:\/\/pergamena.hr\/index.php?rest_route=\/wp\/v2\/posts\/120\/revisions"}],"predecessor-version":[{"id":2820,"href":"http:\/\/pergamena.hr\/index.php?rest_route=\/wp\/v2\/posts\/120\/revisions\/2820"}],"wp:featuredmedia":[{"embeddable":true,"href":"http:\/\/pergamena.hr\/index.php?rest_route=\/wp\/v2\/media\/694"}],"wp:attachment":[{"href":"http:\/\/pergamena.hr\/index.php?rest_route=%2Fwp%2Fv2%2Fmedia&parent=120"}],"wp:term":[{"taxonomy":"category","embeddable":true,"href":"http:\/\/pergamena.hr\/index.php?rest_route=%2Fwp%2Fv2%2Fcategories&post=120"},{"taxonomy":"post_tag","embeddable":true,"href":"http:\/\/pergamena.hr\/index.php?rest_route=%2Fwp%2Fv2%2Ftags&post=120"}],"curies":[{"name":"wp","href":"https:\/\/api.w.org\/{rel}","templated":true}]}}